{"id":1663,"date":"2019-06-25T15:00:11","date_gmt":"2019-06-25T18:00:11","guid":{"rendered":"http:\/\/saojosedoipiranga.com.br\/site\/?p=1663"},"modified":"2019-06-25T15:00:11","modified_gmt":"2019-06-25T18:00:11","slug":"solenidade-do-coracao-de-jesus","status":"publish","type":"post","link":"https:\/\/saojosedoipiranga.com.br\/new\/2019\/06\/25\/solenidade-do-coracao-de-jesus\/","title":{"rendered":"SOLENIDADE DO CORA\u00c7\u00c3O DE JESUS"},"content":{"rendered":"\n<h4 class=\"wp-block-heading\">Esta festa \u00e9 celebrada na primeira sexta-feira depois da oitava de Corpus Christi.<\/h4>\n\n\n\n<figure class=\"wp-block-image\"><img decoding=\"async\" src=\"http:\/\/saojosedoipiranga.com.br\/site\/wp-content\/uploads\/2019\/06\/mandala-sagrado-cora\u00e7\u00e3o-de-jesus.jpg\" alt=\"\" class=\"wp-image-1664\"\/><\/figure>\n\n\n\n<p>A devo\u00e7\u00e3o ao Cora\u00e7\u00e3o de Jesus representa nosso desejo de viver no Amor,\nporque desde os tempos mais antigos se considera que o centro do amor est\u00e1 no\ncora\u00e7\u00e3o. Como nosso amor humano \u00e9 nada se comparado ao Amor de Deus, nem\npodemos imaginar como \u00e9 o Amor por excel\u00eancia, o amor de Deus.&nbsp; Chama-se \u00c1gape, \u00e9 o amor perfeito,\nincondicional, \u00fanico, \u00e9 aquele com o qual Deus nos Ama. Esse Cora\u00e7\u00e3o Divino que\nse esvaziou ao ser aberto pela lan\u00e7a do soldado (Jo 19,34) e derramou em nossos\ncora\u00e7\u00f5es, em toda sua plenitude e para nossa Salva\u00e7\u00e3o, o sacramento do Amor. &nbsp;&nbsp;<\/p>\n\n\n\n<p>Nossa capacidade de amar nos foi dada por Deus porque nos amou primeiro, n\u00f3s amamos porque Ele nos amou por primeiro, e nosso objetivo dever\u00e1 ser amar intensamente o Senhor e assim ser\u00edamos o reflexo do Amor d&#8217;Ele. &nbsp;<\/p>\n\n\n\n<p>No evangelho de Jo\u00e3o (21,15) h\u00e1 uma comovente pergunta de Jesus a Sim\u00e3o Pedro: \u201cSim\u00e3o, filho de Jo\u00e3o tu me amas?\u201d. Aquela pergunta dever\u00e1 ressoar em n\u00f3s cada dia, e devemos nos perguntar se o amamos com aquele amor que ele solicita de n\u00f3s: \u201c&#8230; tu me amas?\u201d <\/p>\n\n\n\n<h4 class=\"wp-block-heading\">Santa Margarida Maria teve vis\u00f5es de Jesus<\/h4>\n\n\n\n<figure class=\"wp-block-image\"><img decoding=\"async\" src=\"http:\/\/saojosedoipiranga.com.br\/site\/wp-content\/uploads\/2019\/06\/sagrado-cora\u00e7\u00e3o-de-jesus.jpg\" alt=\"\" class=\"wp-image-1665\"\/><\/figure>\n\n\n\n<p>&nbsp;Santa Margarida Maria Alacoque foi uma freira\nda Congrega\u00e7\u00e3o da Ordem da Visita\u00e7\u00e3o de Santa Maria, institui\u00e7\u00e3o religiosa\nfundada por S\u00e3o Francisco de Sales. &nbsp;Teve\nvis\u00f5es de Jesus quando estava em profunda ora\u00e7\u00e3o, viu sair pela porta do\ntabern\u00e1culo uma esp\u00e9cie de vapor que foi se transformando na figura de Jesus que\nse encaminhou at\u00e9 ela e mostrando-lhe o pr\u00f3prio cora\u00e7\u00e3o em chamas disse: \u201cEis aqui o cora\u00e7\u00e3o que tanto amou os homens, at\u00e9 se esgotar e\nconsumir para testemunhar-lhes seu amor e, em troca, n\u00e3o recebe da maior parte\nsen\u00e3o ingratid\u00f5es, friezas e desprezos\u201d.&nbsp;<\/p>\n\n\n\n<p>As tr\u00eas mensagens que ela\nrecebeu insistiam num maior amor \u00e0 Sant\u00edssima Eucaristia, e \u00e0 Comunh\u00e3o\nreparadora nas primeiras sextas-feiras do m\u00eas. <\/p>\n\n\n\n<p>Incompreendida por muitos, &nbsp;Margarida recebeu de Deus a gra\u00e7a de ter como\ncapel\u00e3o e confessor a S\u00e3o\nClaudio de La Colombi\u00e8re; era jesu\u00edta e obteve que a Companhia do Jesus\naceitasse a devo\u00e7\u00e3o ao Cora\u00e7\u00e3o do Jesus. Depois disso os jesu\u00edtas a propagaram\npor todo mundo.<\/p>\n\n\n\n<p>Em 1899 o\nPapa Le\u00e3o XIII consagrou o mundo ao Sagrado Cora\u00e7\u00e3o de Jesus, devo\u00e7\u00e3o que nos\nleva ao encontro do seu Sagrado Cora\u00e7\u00e3o Eucar\u00edstico. Santa Margarida Maria\nAlacoque morreu antes de completar\n45 anos, em 17 de outubro de 1690, e foi\ncanonizada pelo Papa Bento XV em 1920.<\/p>\n\n\n\n<p><strong>Por: Eliana Galv\u00e1n Gil <\/strong><\/p>\n\n\n\n<p><\/p>\n\n    <div class=\"xs_social_share_widget xs_share_url after_content \t\tmain_content  wslu-style-1 wslu-share-box-shaped wslu-fill-colored wslu-none wslu-share-horizontal wslu-theme-font-no wslu-main_content\">\n\n\t\t\n        <ul>\n\t\t\t        <\/ul>\n    <\/div> \n","protected":false},"excerpt":{"rendered":"<p>Esta festa \u00e9 celebrada na primeira sexta-feira depois da oitava de Corpus Christi. A devo\u00e7\u00e3o ao Cora\u00e7\u00e3o de Jesus representa nosso desejo de viver no Amor, porque desde os tempos&hellip; <br \/> <a class=\"read-more\" href=\"https:\/\/saojosedoipiranga.com.br\/new\/2019\/06\/25\/solenidade-do-coracao-de-jesus\/\">Leia mais<\/a><\/p>\n","protected":false},"author":3,"featured_media":1667,"comment_status":"closed","ping_status":"closed","sticky":false,"template":"","format":"standard","meta":{"_vp_format_video_url":"","_vp_image_focal_point":[],"footnotes":""},"categories":[3],"tags":[177,270,334,338],"class_list":["post-1663","post","type-post","status-publish","format-standard","has-post-thumbnail","hentry","category-blog","tag-jesus","tag-paroquia-sao-jose-do-ipiranga","tag-sagrado-coracao-de-jesus","tag-santa-margarida-maria-alacoque"],"_links":{"self":[{"href":"https:\/\/saojosedoipiranga.com.br\/new\/wp-json\/wp\/v2\/posts\/1663","targetHints":{"allow":["GET"]}}],"collection":[{"href":"https:\/\/saojosedoipiranga.com.br\/new\/wp-json\/wp\/v2\/posts"}],"about":[{"href":"https:\/\/saojosedoipiranga.com.br\/new\/wp-json\/wp\/v2\/types\/post"}],"author":[{"embeddable":true,"href":"https:\/\/saojosedoipiranga.com.br\/new\/wp-json\/wp\/v2\/users\/3"}],"replies":[{"embeddable":true,"href":"https:\/\/saojosedoipiranga.com.br\/new\/wp-json\/wp\/v2\/comments?post=1663"}],"version-history":[{"count":0,"href":"https:\/\/saojosedoipiranga.com.br\/new\/wp-json\/wp\/v2\/posts\/1663\/revisions"}],"wp:featuredmedia":[{"embeddable":true,"href":"https:\/\/saojosedoipiranga.com.br\/new\/wp-json\/wp\/v2\/media\/1667"}],"wp:attachment":[{"href":"https:\/\/saojosedoipiranga.com.br\/new\/wp-json\/wp\/v2\/media?parent=1663"}],"wp:term":[{"taxonomy":"category","embeddable":true,"href":"https:\/\/saojosedoipiranga.com.br\/new\/wp-json\/wp\/v2\/categories?post=1663"},{"taxonomy":"post_tag","embeddable":true,"href":"https:\/\/saojosedoipiranga.com.br\/new\/wp-json\/wp\/v2\/tags?post=1663"}],"curies":[{"name":"wp","href":"https:\/\/api.w.org\/{rel}","templated":true}]}}