{"id":1647,"date":"2019-06-17T09:54:54","date_gmt":"2019-06-17T12:54:54","guid":{"rendered":"http:\/\/saojosedoipiranga.com.br\/site\/?p=1647"},"modified":"2019-06-17T09:54:54","modified_gmt":"2019-06-17T12:54:54","slug":"pentecostes-santissima-trindade-corpus-christi","status":"publish","type":"post","link":"https:\/\/saojosedoipiranga.com.br\/new\/2019\/06\/17\/pentecostes-santissima-trindade-corpus-christi\/","title":{"rendered":"PENTECOSTES &#8211; SANT\u00cdSSIMA TRINDADE &#8211; CORPUS CHRISTI"},"content":{"rendered":"\n<h4 class=\"wp-block-heading\">Neste m\u00eas de junho de 2019, a Igreja comemora tr\u00eas Solenidades <\/h4>\n\n\n\n<p>Constituem os mist\u00e9rios mais importantes da nossa f\u00e9:<strong> o Pentecostes, a Sant\u00edssima Trindade e Corpus Christi.\u00a0<\/strong><br>No domingo 9 j\u00e1 comemoramos o dom do Esp\u00edrito Santo, os disc\u00edpulos de Jesus reunidos em ora\u00e7\u00e3o com Maria esperaram o cumprimento da promessa que Jesus pronunciou no dia da despedida quando subiu ao Pai. E o fogo do Esp\u00edrito de Deus os revestiu da for\u00e7a divina para que assim pudessem sair a anunciar corajosamente a Boa Nova; nesse dia nasceu a Igreja.\u00a0<br>O pr\u00f3ximo domingo dia 16, na oitava de Pentecostes, temos a festa da Sant\u00edssima Trindade. Temos um \u00fanico Deus em Tr\u00eas Pessoas Divinas.<br><\/p>\n\n\n\n<figure class=\"wp-block-image\"><img fetchpriority=\"high\" decoding=\"async\" width=\"879\" height=\"960\" src=\"http:\/\/saojosedoipiranga.com.br\/site\/wp-content\/uploads\/2019\/06\/santissima-trindade-2.jpg\" alt=\"\" class=\"wp-image-1653\" srcset=\"https:\/\/saojosedoipiranga.com.br\/new\/wp-content\/uploads\/2019\/06\/santissima-trindade-2.jpg 879w, https:\/\/saojosedoipiranga.com.br\/new\/wp-content\/uploads\/2019\/06\/santissima-trindade-2-275x300.jpg 275w, https:\/\/saojosedoipiranga.com.br\/new\/wp-content\/uploads\/2019\/06\/santissima-trindade-2-768x839.jpg 768w\" sizes=\"(max-width: 879px) 100vw, 879px\" \/><\/figure>\n\n\n\n<h4 class=\"wp-block-heading\"> A primeira Pessoa \u00e9 o Pai <\/h4>\n\n\n\n<p>Esta verdade de f\u00e9, j\u00e1 era conhecida no juda\u00edsmo, a Shem\u00e1 proclama um Deus \u00danico: \u201cEscuta Israel! O Senhor nosso Deus \u00e9 UM\u201d (Dt 6,4).\u00a0<\/p>\n\n\n\n<h4 class=\"wp-block-heading\">A segunda Pessoa da Trindade \u00e9 Jesus Cristo nosso Senhor <\/h4>\n\n\n\n<p>Foi Ele quem nos revelou esse mist\u00e9rio. Ele falou do Pai, do Esp\u00edrito Santo e de Si mesmo como Deus. Quando a palavra de Deus se faz carne e nasce de Maria Sant\u00edssima Deus Pai nos revela que Ele \u00e9 o seu Filho, assim foi no Batismo de Jesus: \u201cEste \u00e9 o meu Filho bem-amado, aquele que me aprouve escolher\u201d ( Mt 3,17) e na Transfigura\u00e7\u00e3o: \u201cEste \u00e9 o meu Filho bem-amado, aquele que me aprouve escolher. Ouvi-o\u201d (Mt 17,5; Mc 9,7; Lc 9,35).<\/p>\n\n\n\n<h4 class=\"wp-block-heading\">A Terceira Pessoa da Trindade \u00e9 o Esp\u00edrito Santo: <\/h4>\n\n\n\n<p>\u201c&#8230;soprou sobre eles e lhes disse: Recebei o Esp\u00edrito Santo, a quem perdoardes os pecados ser-lhes-\u00e3o perdoados. A quem os retiverdes ser-lhes-\u00e3o retidos\u201d (Jo 20,22-23).<\/p>\n\n\n\n<p><strong>O Conc\u00edlio de Niceia, no ano 325, confirma plenamente a nossa verdade de f\u00e9 sobre a SS Trindade:\u00a0<\/strong><br><em>\u201cCreio em um s\u00f3 Deus, Pai Todo-Poderoso, criador do c\u00e9u e da terra, de todas as coisas vis\u00edveis e invis\u00edveis. Creio em um s\u00f3 Senhor, Jesus Cristo, Filho Unig\u00eanito de Deus, nascido do Pai antes de todos os s\u00e9culos: Deus de Deus, luz da luz, \/ Deus verdadeiro de Deus verdadeiro, \/ gerado, n\u00e3o criado, consubstancial ao Pai. Por ele todas as coisas foram feitas. E por n\u00f3s, homens, e para nossa salva\u00e7\u00e3o, desceu dos c\u00e9us: e se encarnou pelo Esp\u00edrito Santo, no seio da Virgem Maria, e se fez homem.\u00a0<br>Tamb\u00e9m por n\u00f3s foi crucificado sob P\u00f4ncio Pilatos; \/ padeceu e foi sepultado. \/ Ressuscitou ao terceiro dia, \/ conforme as Escrituras, \/ e subiu aos c\u00e9us, \/ onde est\u00e1 sentado \u00e0 direita do Pai. \/ E de novo h\u00e1 de vir, \/ em sua gl\u00f3ria, \/ para julgar os vivos e os mortos; \/ e o seu reino n\u00e3o ter\u00e1 fim. \/ Creio no Esp\u00edrito Santo, \/ Senhor que d\u00e1 a vida, \/ e procede do Pai e do Filho; \/ e com o Pai e o Filho \u00e9 adorado e glorificado: \/ ele que falou pelos profetas. \/ Creio na Igreja, una, santa, cat\u00f3lica e apost\u00f3lica. \/ Professo um s\u00f3 batismo para remiss\u00e3o dos pecados. \/ E espero a ressurrei\u00e7\u00e3o dos mortos \/ e a vida do mundo que h\u00e1 de vir. &#8211; Am\u00e9m.\u201d<\/em> (Credo de Niceia).<\/p>\n\n\n\n<h4 class=\"wp-block-heading\">Finalmente temos Festa de Corpus Christi <\/h4>\n\n\n\n<p>Na 1\u00aa. quinta-feira depois da oitava de Pentecostes e que se comemora oficialmente a partir do s\u00e9c XIV e na qual adoramos o mist\u00e9rio maior da nossa f\u00e9, a Eucaristia; <strong>sendo o \u00fanico dia do ano que o Sant\u00edssimo Sacramento sai em prociss\u00e3o \u00e0s nossas ruas<\/strong>, para que os fi\u00e9is possam agradecer e louvar Deus pelo inestim\u00e1vel dom da Eucaristia. A Eucaristia \u00e9 fonte e centro de toda a vida crist\u00e3. Nela est\u00e1 contido todo o tesouro espiritual da Igreja, o pr\u00f3prio Cristo.<\/p>\n\n\n\n<p>A Festa de Corpus Christi surgiu no s\u00e9c. XIII, na diocese de Li\u00e8ge, na B\u00e9lgica, por iniciativa da freira Juliana de Mont Cornillon, (\u20201258) que recebia vis\u00f5es nas quais o pr\u00f3prio Jesus lhe pedia uma festa lit\u00fargica anual em honra da Sagrada Eucaristia.<\/p>\n\n\n\n<p>Aconteceu que quando o padre Pedro de Praga, da Bo\u00eamia, celebrou uma Missa na cripta de Santa Cristina, em Bolsena, It\u00e1lia, ocorreu um milagre eucar\u00edstico: da h\u00f3stia consagrada come\u00e7aram a cair gotas de sangue sobre o corporal ap\u00f3s a consagra\u00e7\u00e3o. Dizem que isto ocorreu porque o padre teria duvidado da presen\u00e7a real de Cristo na Eucaristia.<\/p>\n\n\n\n<p>O Papa Urbano IV (1262-1264), que residia em Orvieto, cidade pr\u00f3xima de Bolsena, onde vivia S. Tom\u00e1s de Aquino, ordenou ao Bispo Giacomo que levasse as rel\u00edquias de Bolsena a Orvieto. Isso foi feito em prociss\u00e3o. Quando o Papa encontrou a Prociss\u00e3o na entrada de Orvieto, pronunciou diante da rel\u00edquia eucar\u00edstica as palavras: \u201cCorpus Christi\u201d.<\/p>\n\n\n\n<p>Antes disso, em 1247, realizou-se a primeira prociss\u00e3o eucar\u00edstica pelas ruas de Li\u00e8ge, como festa diocesana, tornando-se depois uma festa lit\u00fargica celebrada em toda a B\u00e9lgica, e depois, ent\u00e3o, em todo o mundo no s\u00e9c. XIV, quando o Papa Clemente V confirmou a Bula de Urbano IV, tornando a Festa da Eucaristia um dever can\u00f4nico mundial. O Of\u00edcio para essa solenidade foi composto por Tom\u00e1s de Aquino e se usa at\u00e9 hoje em algumas dioceses.\u00a0<\/p>\n\n\n\n<p>Em 1317, o Papa Jo\u00e3o XXII publicou na Constitui\u00e7\u00e3o Clementina o dever de se levar a Eucaristia em prociss\u00e3o pelas vias p\u00fablicas. A partir da oficializa\u00e7\u00e3o, a Festa de Corpus Christi passou a ser celebrada todos os anos na primeira quinta-feira ap\u00f3s o domingo da Sant\u00edssima Trindade.<\/p>\n\n\n\n<h4 class=\"wp-block-heading\">Todo cat\u00f3lico deve participar dessa Prociss\u00e3o por ser a mais importante de todas que acontecem durante o ano <\/h4>\n\n\n\n<p>\u00c9 a \u00fanica onde o pr\u00f3prio Senhor sai \u00e0s ruas para aben\u00e7oar as pessoas, as fam\u00edlias e a cidade. Em muitos lugares criou-se o belo costume de enfeitar as casas com orat\u00f3rios e flores e as ruas com tapetes ornamentados, tudo em honra do Senhor que vem visitar o seu povo. <\/p>\n\n\n\n<p><strong><em>Por Eliana Galv\u00e1n Gil<\/em><\/strong><\/p>\n\n    <div class=\"xs_social_share_widget xs_share_url after_content \t\tmain_content  wslu-style-1 wslu-share-box-shaped wslu-fill-colored wslu-none wslu-share-horizontal wslu-theme-font-no wslu-main_content\">\n\n\t\t\n        <ul>\n\t\t\t        <\/ul>\n    <\/div> \n","protected":false},"excerpt":{"rendered":"<p>Neste m\u00eas de junho de 2019, a Igreja comemora tr\u00eas Solenidades Constituem os mist\u00e9rios mais importantes da nossa f\u00e9: o Pentecostes, a Sant\u00edssima Trindade e Corpus Christi.\u00a0No domingo 9 j\u00e1&hellip; <br \/> <a class=\"read-more\" href=\"https:\/\/saojosedoipiranga.com.br\/new\/2019\/06\/17\/pentecostes-santissima-trindade-corpus-christi\/\">Leia mais<\/a><\/p>\n","protected":false},"author":3,"featured_media":1652,"comment_status":"closed","ping_status":"closed","sticky":false,"template":"","format":"standard","meta":{"_vp_format_video_url":"","_vp_image_focal_point":[],"footnotes":""},"categories":[3],"tags":[85,106,131,141,177,196,226,270,287,345],"class_list":["post-1647","post","type-post","status-publish","format-standard","has-post-thumbnail","hentry","category-blog","tag-corpus-christi","tag-deus","tag-espirito-santo","tag-fe","tag-jesus","tag-maria","tag-nossa-senhora","tag-paroquia-sao-jose-do-ipiranga","tag-pentecostes","tag-santissima-trindade"],"_links":{"self":[{"href":"https:\/\/saojosedoipiranga.com.br\/new\/wp-json\/wp\/v2\/posts\/1647","targetHints":{"allow":["GET"]}}],"collection":[{"href":"https:\/\/saojosedoipiranga.com.br\/new\/wp-json\/wp\/v2\/posts"}],"about":[{"href":"https:\/\/saojosedoipiranga.com.br\/new\/wp-json\/wp\/v2\/types\/post"}],"author":[{"embeddable":true,"href":"https:\/\/saojosedoipiranga.com.br\/new\/wp-json\/wp\/v2\/users\/3"}],"replies":[{"embeddable":true,"href":"https:\/\/saojosedoipiranga.com.br\/new\/wp-json\/wp\/v2\/comments?post=1647"}],"version-history":[{"count":0,"href":"https:\/\/saojosedoipiranga.com.br\/new\/wp-json\/wp\/v2\/posts\/1647\/revisions"}],"wp:featuredmedia":[{"embeddable":true,"href":"https:\/\/saojosedoipiranga.com.br\/new\/wp-json\/wp\/v2\/media\/1652"}],"wp:attachment":[{"href":"https:\/\/saojosedoipiranga.com.br\/new\/wp-json\/wp\/v2\/media?parent=1647"}],"wp:term":[{"taxonomy":"category","embeddable":true,"href":"https:\/\/saojosedoipiranga.com.br\/new\/wp-json\/wp\/v2\/categories?post=1647"},{"taxonomy":"post_tag","embeddable":true,"href":"https:\/\/saojosedoipiranga.com.br\/new\/wp-json\/wp\/v2\/tags?post=1647"}],"curies":[{"name":"wp","href":"https:\/\/api.w.org\/{rel}","templated":true}]}}