{"id":1622,"date":"2019-06-13T10:46:40","date_gmt":"2019-06-13T13:46:40","guid":{"rendered":"http:\/\/saojosedoipiranga.com.br\/site\/?p=1622"},"modified":"2019-06-13T10:46:40","modified_gmt":"2019-06-13T13:46:40","slug":"santo-antonio","status":"publish","type":"post","link":"https:\/\/saojosedoipiranga.com.br\/new\/2019\/06\/13\/santo-antonio\/","title":{"rendered":"Santo Ant\u00f4nio"},"content":{"rendered":"\n<h4 class=\"wp-block-heading\"> At\u00e9 hoje seus serm\u00f5es s\u00e3o lidos e estudados.<\/h4>\n\n\n\n<figure class=\"wp-block-image\"><img decoding=\"async\" src=\"http:\/\/saojosedoipiranga.com.br\/site\/wp-content\/uploads\/2019\/06\/Santo-Ant\u00f4nio-de-P\u00e1dua-com-o-Menino-Jesus-667x1024-667x1024.jpg\" alt=\"\" class=\"wp-image-1625\"\/><\/figure>\n\n\n\n<p>O ano de 1195\nviu nascer um dos mais populares santos da Igreja de Cristo, tendo sido Lisboa\nsua cidade natal. Martinho de Bulh\u00f5es e Teresa Taveira eram de fam\u00edlias\nilustres, mas a maior gl\u00f3ria deles foi uma profunda f\u00e9 que souberam transmitir\nao filho. <\/p>\n\n\n\n<p>Este, na pia batismal, recebeu o nome de Fernando, tornando-se a gl\u00f3ria\ndesta piedosa fam\u00edlia. Ap\u00f3s uma santa inf\u00e2ncia, aos 15 anos, se dirigiu ao\nConvento dos c\u00f4negos de Santo Agostinho nas proximidades de Lisboa. A\u00ed ficou\ndois anos e alguns meses. Eram muitas as visitas que recebia de seus parentes e\nresolveu ent\u00e3o pedir a transfer\u00eancia para o mosteiro de Santa Cruz, de Coimbra.\nCom isso entrou em contato com frades franciscanos, h\u00f3spedes neste convento.\nEstes frades acabaram sendo martirizados em Marrocos e seus restos mortais\nvieram para Coimbra, onde ent\u00e3o morava o Rei de Portugal.<\/p>\n\n\n\n<p>Fernando p\u00f4de ent\u00e3o contemplar os corpos daqueles\nher\u00f3is de Cristo. Isto o tocou tanto que ele resolveu se fazer franciscano. Foi\npara o Convento de Olivais, onde adotou o nome de Ant\u00f4nio. Seu desejo era\npregar o Evangelho em terra de miss\u00f5es. Ap\u00f3s o curto noviciado, foi para\nMarrocos. A\u00ed adoeceu e, resignado, teve que voltar para Portugal. Em 1221 se\ndaria o Cap\u00edtulo da Ordem Franciscana, isto \u00e9, a assembleia na qual compareceram\ncerca de tr\u00eas mil frades e foi l\u00e1 que Ant\u00f4nio esteve pela vez primeira com S\u00e3o\nFrancisco, em Assis. Ainda mal conhecido dos franciscanos foi trabalhar num\npequeno eremit\u00e9rio em Portugal. Nele permaneceu numa vida de ora\u00e7\u00e3o por nove\nmeses. Houve, ent\u00e3o, na cidade de Forli ordena\u00e7\u00f5es sacerdotais e pediram a\nAnt\u00f4nio para fazer o serm\u00e3o de improviso. Todos ficaram deslumbrados. Era o\nin\u00edcio de sua miss\u00e3o de pregador no sul da Fran\u00e7a e na It\u00e1lia.<\/p>\n\n\n\n<p>At\u00e9 hoje seus serm\u00f5es s\u00e3o lidos e estudados. Foi em\nMontpellier que se deu o fato que fez de Santo Ant\u00f4nio ser invocado como o\nprotetor das causas perdidas. Um novi\u00e7o que resolvera sair da Ordem Franciscana\nlevou consigo o livro de salmos com coment\u00e1rios escritos por Ant\u00f4nio. Este\npassou a rezar para que o lar\u00e1pio lhe devolvesse a preciosa obra. Arrependido\neste voltou e devolveu o livro. Deixou Ant\u00f4nio a Fran\u00e7a com a fama de\ntaumaturgo, martelo dos hereges, terror dos dem\u00f4nios, trombeta do Evangelho.\nVeio trabalhar na It\u00e1lia, pregando por toda a parte. Em 1227 se deteve pela\nprimeira vez em P\u00e1dua, cidade \u00e0 qual ficaria indelevelmente ligado e onde, ap\u00f3s\nmais quatro anos de incans\u00e1veis prega\u00e7\u00f5es em terras italianas, viria a ser\nenterrado, tendo morrido a 13 de junho. T\u00e3o grande era a fama de seus prod\u00edgios\nque onze meses depois de sua morte foi canonizado pelo papa Greg\u00f3rio IX.<\/p>\n\n\n\n<p>Em 1263, quando seu corpo foi exumado, sua l\u00edngua\nestava intacta e, at\u00e9 hoje, numa redoma \u00e9 venerada por milhares de peregrinos.\nO fato de, em certa ocasi\u00e3o, \u00e0 sua intercess\u00e3o uma jovem ter conseguido fazer\num \u00f3timo casamento deu a Santo Ant\u00f4nio a fama de casamenteiro. De fato, quantos\njovens t\u00eam encontrado um lar feliz \u00e0 invoca\u00e7\u00e3o deste santo poderoso. Em 1946 o\npapa Pio XII proclamou Santo Ant\u00f4nio, Confessor e Doutor da Igreja. Os devotos\ndeste santo devem imitar sua f\u00e9, sua piedade, sua humildade, sua dile\u00e7\u00e3o aos\npobres, seu imenso amor \u00e0 evangeliza\u00e7\u00e3o.<\/p>\n\n\n\n<figure class=\"wp-block-image\"><img fetchpriority=\"high\" decoding=\"async\" width=\"680\" height=\"378\" src=\"http:\/\/saojosedoipiranga.com.br\/site\/wp-content\/uploads\/2019\/06\/Elpandesanantonio_13062017.jpg\" alt=\"\" class=\"wp-image-1626\" srcset=\"https:\/\/saojosedoipiranga.com.br\/new\/wp-content\/uploads\/2019\/06\/Elpandesanantonio_13062017.jpg 680w, https:\/\/saojosedoipiranga.com.br\/new\/wp-content\/uploads\/2019\/06\/Elpandesanantonio_13062017-300x167.jpg 300w\" sizes=\"(max-width: 680px) 100vw, 680px\" \/><\/figure>\n\n\n\n<p>Grande a devo\u00e7\u00e3o de Santo Ant\u00f4nio ao Menino Jesus e\ncumpre repetir sempre: Menino Jesus por n\u00f3s encarnado, livrai-nos da mancha de\ntodo pecado. Como Santo Ant\u00f4nio foi sepultado numa ter\u00e7a-feira este dia da\nsemana lhe \u00e9 consagrado. Uma senhora de Toulon na Fran\u00e7a, por ter alcan\u00e7ado uma\ngrande gra\u00e7a por intercess\u00e3o de Santo Ant\u00f4nio, resolveu distribuir p\u00e3es aos\npobres em sua homenagem, da\u00ed a ben\u00e7\u00e3o do p\u00e3o de Santo Ant\u00f4nio, lembrando a\ncaridade que se deve ter para com os mais necessitados. Este p\u00e3o tem restitu\u00eddo\na sa\u00fade a muitos doentes. Santo, realmente, extraordin\u00e1rio que merece todos os\nlouvores. Que ele leve sempre seus devotos a um grande amor a Jesus, nosso\n\u00fanico Salvador.<\/p>\n\n\n\n<p>C\u00f4n. Jos\u00e9 Geraldo Vidigal de Carvalho<br> Professor no Semin\u00e1rio de Mariana (MG)<\/p>\n\n\n\n<p><strong><em>Por Eliana Galv\u00e1n Gil<\/em><\/strong><\/p>\n\n\n\n<p>fonte: <a href=\"https:\/\/formacao.cancaonova.com\/diversos\/historico-de-santo-antonio-de-padua\/\">https:\/\/formacao.cancaonova.com\/diversos\/historico-de-santo-antonio-de-padua\/<\/a><\/p>\n\n    <div class=\"xs_social_share_widget xs_share_url after_content \t\tmain_content  wslu-style-1 wslu-share-box-shaped wslu-fill-colored wslu-none wslu-share-horizontal wslu-theme-font-no wslu-main_content\">\n\n\t\t\n        <ul>\n\t\t\t        <\/ul>\n    <\/div> \n","protected":false},"excerpt":{"rendered":"<p>At\u00e9 hoje seus serm\u00f5es s\u00e3o lidos e estudados. O ano de 1195 viu nascer um dos mais populares santos da Igreja de Cristo, tendo sido Lisboa sua cidade natal. Martinho&hellip; <br \/> <a class=\"read-more\" href=\"https:\/\/saojosedoipiranga.com.br\/new\/2019\/06\/13\/santo-antonio\/\">Leia mais<\/a><\/p>\n","protected":false},"author":3,"featured_media":1624,"comment_status":"closed","ping_status":"closed","sticky":false,"template":"","format":"standard","meta":{"_vp_format_video_url":"","_vp_image_focal_point":[],"footnotes":""},"categories":[3],"tags":[44,213,270,348],"class_list":["post-1622","post","type-post","status-publish","format-standard","has-post-thumbnail","hentry","category-blog","tag-bencao-dos-paes","tag-missa","tag-paroquia-sao-jose-do-ipiranga","tag-santo-antonio"],"_links":{"self":[{"href":"https:\/\/saojosedoipiranga.com.br\/new\/wp-json\/wp\/v2\/posts\/1622","targetHints":{"allow":["GET"]}}],"collection":[{"href":"https:\/\/saojosedoipiranga.com.br\/new\/wp-json\/wp\/v2\/posts"}],"about":[{"href":"https:\/\/saojosedoipiranga.com.br\/new\/wp-json\/wp\/v2\/types\/post"}],"author":[{"embeddable":true,"href":"https:\/\/saojosedoipiranga.com.br\/new\/wp-json\/wp\/v2\/users\/3"}],"replies":[{"embeddable":true,"href":"https:\/\/saojosedoipiranga.com.br\/new\/wp-json\/wp\/v2\/comments?post=1622"}],"version-history":[{"count":0,"href":"https:\/\/saojosedoipiranga.com.br\/new\/wp-json\/wp\/v2\/posts\/1622\/revisions"}],"wp:featuredmedia":[{"embeddable":true,"href":"https:\/\/saojosedoipiranga.com.br\/new\/wp-json\/wp\/v2\/media\/1624"}],"wp:attachment":[{"href":"https:\/\/saojosedoipiranga.com.br\/new\/wp-json\/wp\/v2\/media?parent=1622"}],"wp:term":[{"taxonomy":"category","embeddable":true,"href":"https:\/\/saojosedoipiranga.com.br\/new\/wp-json\/wp\/v2\/categories?post=1622"},{"taxonomy":"post_tag","embeddable":true,"href":"https:\/\/saojosedoipiranga.com.br\/new\/wp-json\/wp\/v2\/tags?post=1622"}],"curies":[{"name":"wp","href":"https:\/\/api.w.org\/{rel}","templated":true}]}}