{"id":1565,"date":"2019-06-07T11:42:48","date_gmt":"2019-06-07T14:42:48","guid":{"rendered":"http:\/\/saojosedoipiranga.com.br\/site\/?p=1565"},"modified":"2019-06-07T11:42:48","modified_gmt":"2019-06-07T14:42:48","slug":"voce-sabe-o-significado-de-pentecostes","status":"publish","type":"post","link":"https:\/\/saojosedoipiranga.com.br\/new\/2019\/06\/07\/voce-sabe-o-significado-de-pentecostes\/","title":{"rendered":"Voc\u00ea sabe o significado de Pentecostes?"},"content":{"rendered":"\n<h4 class=\"wp-block-heading\">A festa de Pentecostes na sua origem chamava-se festa das Semanas e ocorria entre os meses de maio e junho.<\/h4>\n\n\n\n<p>Cinquenta dias ap\u00f3s a festa dos primeiros frutos, para agradecer a Deus pelas colheitas (Lv 23, 15-17; Dt 16,9). Sete semanas s\u00e3o cinquenta dias; dai o nome de Pentecostes que recebeu posteriormente.\u00a0 <\/p>\n\n\n\n<div class=\"wp-block-image\"><figure class=\"alignleft is-resized\"><img fetchpriority=\"high\" decoding=\"async\" src=\"http:\/\/saojosedoipiranga.com.br\/site\/wp-content\/uploads\/2019\/06\/a1054eba986d8fe7cbe7a42f67ed4424.jpg\" alt=\"\" class=\"wp-image-1567\" width=\"250\" height=\"224\" srcset=\"https:\/\/saojosedoipiranga.com.br\/new\/wp-content\/uploads\/2019\/06\/a1054eba986d8fe7cbe7a42f67ed4424.jpg 500w, https:\/\/saojosedoipiranga.com.br\/new\/wp-content\/uploads\/2019\/06\/a1054eba986d8fe7cbe7a42f67ed4424-300x268.jpg 300w\" sizes=\"(max-width: 250px) 100vw, 250px\" \/><\/figure><\/div>\n\n\n\n<p>Durante a festa judaica das Semanas em Jerusal\u00e9m, o livro dos Atos dos Ap\u00f3stolos relata a efus\u00e3o do Esp\u00edrito Santo sobre os disc\u00edpulos de Jesus (At 2, 1-4). A partir deste acontecimento, Pentecostes se converte tamb\u00e9m em festa crist\u00e3, e vemos que Paulo dava grande import\u00e2ncia a essa data especial, provavelmente porque ele n\u00e3o estava presente naquela ocasi\u00e3o, pois ainda n\u00e3o havia sido chamado por Jesus (At 20,16; 1 Cor 16,8).<\/p>\n\n\n\n<p style=\"color:#ffffff\" class=\"has-text-color\">.<\/p>\n\n\n\n<h4 class=\"wp-block-heading\" style=\"text-align:left\"><strong>A Promessa do Esp\u00edrito Santo<\/strong><\/h4>\n\n\n\n<p>Na noite da quinta-feira\nSanta, Jesus promete a seus ap\u00f3stolos:<em>&nbsp;\u201cMeu Pai vos dar\u00e1 um outro\nPar\u00e1clito que permanecer\u00e1 convosco para sempre. Ele \u00e9 o Esp\u00edrito da Verdade (Jo\n<\/em>14, 16-17). Tamb\u00e9m disse: O<em> Esp\u00edrito Santo, que o Pai enviar\u00e1 em meu\nnome vos ensinar\u00e1 todas as coisas e vos far\u00e1 recordar tudo o que Eu vos disse\u201d<\/em>&nbsp;(Jo\n14, 26).<\/p>\n\n\n\n<p>No calend\u00e1rio do Ano\nLit\u00fargico, celebramos estes tr\u00eas acontecimentos ocorridos na vida dos primeiros\ncrist\u00e3os: a Ressurrei\u00e7\u00e3o, a Ascens\u00e3o e o Pentecostes.&nbsp;<\/p>\n\n\n\n<p>Depois da Ascens\u00e3o os\nap\u00f3stolos estavam reunidos e com eles Maria a M\u00e3e de Jesus, tinham medo de sair\npor causa dos judeus. Repentinamente, se ouviu um forte vento e umas l\u00ednguas de\nfogo pousaram sobre cada um deles (At 2,1-4) e ficaram cheios do Esp\u00edrito Santo\ne a partir desse dia j\u00e1 n\u00e3o tiveram medo de sair e pregar com coragem os\nensinamentos de Jesus. &nbsp;&nbsp;<\/p>\n\n\n\n<p>O Esp\u00edrito Santo \u00e9 Deus, \u00e9 a Terceira Pessoa da Sant\u00edssima Trindade. A Igreja nos ensina que o Esp\u00edrito Santo \u00e9 o Amor que existe entre o Pai e o Filho. O Esp\u00edrito Santo \u00e9 derramado em nossa alma no Batismo e depois de forma perfeita no sacramento da Crisma. Com o amor divino agindo em n\u00f3s, somos capazes de amar a Deus e ao pr\u00f3ximo, e temos o aux\u00edlio dos seus dons para cumprir nosso compromisso de vida diante do Pai.<\/p>\n\n\n\n<h4 class=\"wp-block-heading\"><strong>\u00a0Os sete dons do Esp\u00edrito Santo:\u00a0<\/strong><\/h4>\n\n\n\n<p>Estes dons s\u00e3o a\nmanifesta\u00e7\u00e3o da bondade divina, pois, os recebemos sem nenhum m\u00e9rito da nossa\nparte, e \u00e9 pela a\u00e7\u00e3o direta do Esp\u00edrito Santo que eles nos conduzem pelos\ncaminhos de Deus e nos permitem cumprir a vontade do Pai.<\/p>\n\n\n\n<p><strong>SABEDORIA: <\/strong>\u00e9 o dom de perceber o certo e o errado, o que favorece e o que prejudica o projeto de Deus, permite-nos entender, experimentar e saborear as coisas divinas, principalmente amar a Palavra de Deus. <\/p>\n\n\n\n<p><strong>ENTENDIMENTO: <\/strong>permite que a nossa intelig\u00eancia compreenda as verdades reveladas, \u00e9 o dom de entender os sinais da presen\u00e7a de Deus nas situa\u00e7\u00f5es humanas, nos conflitos sociais, nas lutas pol\u00edticas. Nada tem a ver com a capacidade intelectual ou n\u00edvel de intelig\u00eancia. <\/p>\n\n\n\n<p><strong>CI\u00caNCIA:<\/strong> permite que a nossa intelig\u00eancia julgue retamente as coisas criadas conforme sua finalidade sobrenatural. Nos ajuda a pensar bem e a entender com f\u00e9 as coisas do mundo. Por este Dom o Esp\u00edrito Santo nos revela interiormente o pensamento de Deus sobre n\u00f3s. \u00a0\u00a0\u00a0<\/p>\n\n\n\n<p><strong>CONSELHO:<\/strong> \u00e9 o dom de saber discernir caminhos e op\u00e7\u00f5es, de saber orientar e escutar, nos permite proceder retamente em uma circunst\u00e2ncia determinada. Nos ajuda a aconselhar bem aos demais e gui\u00e1-los pelo caminho do bem. \u00a0 \u00a0<\/p>\n\n\n\n<p><strong>FORTALEZA:<\/strong> fortalece a alma para praticar virtudes heroicas com inabal\u00e1vel confian\u00e7a na supera\u00e7\u00e3o de perigos e dificuldades que possam surgir. Nos ajuda a resistir \u00e0s tenta\u00e7\u00f5es do dem\u00f4nio, e a ser coerentes com o Evangelho.<\/p>\n\n\n\n<p><strong>PIEDADE:<\/strong> \u00e9 o dom de estar sempre aberto \u00e0 vontade de Deus, procurando agir como Jesus agiria, e dom que d\u00e1 o gosto de amar e servir a Deus com alegria identificando no pr\u00f3ximo o rosto do Cristo e amando-o como irm\u00e3o. <\/p>\n\n\n\n<p><strong>TEMOR DE DEUS:<\/strong> torna d\u00f3cil a alma\u00a0 para que se afaste do pecado pelo temos de magoar a Deus que \u00e9 seu supremo bem. \u00a0A alma teme qualquer risco de infidelidade ou trai\u00e7\u00e3o a esse amor. N\u00e3o quer dizer \u2018medo de Deus\u2019, mas, medo de ofender a Deus. \u00a0<\/p>\n\n\n\n<h4 class=\"wp-block-heading\"><strong>Ora\u00e7\u00e3o ao Esp\u00edrito\nSanto&nbsp;<\/strong><\/h4>\n\n\n\n<div class=\"wp-block-image\"><figure class=\"alignleft is-resized\"><img decoding=\"async\" src=\"http:\/\/saojosedoipiranga.com.br\/site\/wp-content\/uploads\/2019\/06\/eaa8f5c19cec937bd92ff93ff3393826.jpg\" alt=\"\" class=\"wp-image-1574\" width=\"282\" height=\"423\" srcset=\"https:\/\/saojosedoipiranga.com.br\/new\/wp-content\/uploads\/2019\/06\/eaa8f5c19cec937bd92ff93ff3393826.jpg 564w, https:\/\/saojosedoipiranga.com.br\/new\/wp-content\/uploads\/2019\/06\/eaa8f5c19cec937bd92ff93ff3393826-200x300.jpg 200w\" sizes=\"(max-width: 282px) 100vw, 282px\" \/><\/figure><\/div>\n\n\n\n<p>Vinde Esp\u00edrito Santo, enchei os cora\u00e7\u00f5es dos vossos\nfi\u00e9is e acendei neles o fogo do Vosso Amor. Enviai o Vosso Esp\u00edrito e tudo ser\u00e1\ncriado e renovareis a face da terra.&nbsp;<br>\nOremos: \u00d3 Deus que instru\u00edste os cora\u00e7\u00f5es dos\nvossos fi\u00e9is, com a luz do Esp\u00edrito Santo, fazei que apreciemos retamente todas\nas coisas segundo o mesmo Esp\u00edrito e gozemos sempre da sua consola\u00e7\u00e3o. Por\nCristo Nosso Senhor. Am\u00e9m. &nbsp;<\/p>\n\n    <div class=\"xs_social_share_widget xs_share_url after_content \t\tmain_content  wslu-style-1 wslu-share-box-shaped wslu-fill-colored wslu-none wslu-share-horizontal wslu-theme-font-no wslu-main_content\">\n\n\t\t\n        <ul>\n\t\t\t        <\/ul>\n    <\/div> \n","protected":false},"excerpt":{"rendered":"<p>A festa de Pentecostes na sua origem chamava-se festa das Semanas e ocorria entre os meses de maio e junho. Cinquenta dias ap\u00f3s a festa dos primeiros frutos, para agradecer&hellip; <br \/> <a class=\"read-more\" href=\"https:\/\/saojosedoipiranga.com.br\/new\/2019\/06\/07\/voce-sabe-o-significado-de-pentecostes\/\">Leia mais<\/a><\/p>\n","protected":false},"author":3,"featured_media":1566,"comment_status":"closed","ping_status":"closed","sticky":false,"template":"","format":"standard","meta":{"_vp_format_video_url":"","_vp_image_focal_point":[],"footnotes":""},"categories":[3,10],"tags":[17,120,131,287],"class_list":["post-1565","post","type-post","status-publish","format-standard","has-post-thumbnail","hentry","category-blog","category-noticias","tag-agape-de-pentecostes","tag-dons-do-espirito-santo","tag-espirito-santo","tag-pentecostes"],"_links":{"self":[{"href":"https:\/\/saojosedoipiranga.com.br\/new\/wp-json\/wp\/v2\/posts\/1565","targetHints":{"allow":["GET"]}}],"collection":[{"href":"https:\/\/saojosedoipiranga.com.br\/new\/wp-json\/wp\/v2\/posts"}],"about":[{"href":"https:\/\/saojosedoipiranga.com.br\/new\/wp-json\/wp\/v2\/types\/post"}],"author":[{"embeddable":true,"href":"https:\/\/saojosedoipiranga.com.br\/new\/wp-json\/wp\/v2\/users\/3"}],"replies":[{"embeddable":true,"href":"https:\/\/saojosedoipiranga.com.br\/new\/wp-json\/wp\/v2\/comments?post=1565"}],"version-history":[{"count":0,"href":"https:\/\/saojosedoipiranga.com.br\/new\/wp-json\/wp\/v2\/posts\/1565\/revisions"}],"wp:featuredmedia":[{"embeddable":true,"href":"https:\/\/saojosedoipiranga.com.br\/new\/wp-json\/wp\/v2\/media\/1566"}],"wp:attachment":[{"href":"https:\/\/saojosedoipiranga.com.br\/new\/wp-json\/wp\/v2\/media?parent=1565"}],"wp:term":[{"taxonomy":"category","embeddable":true,"href":"https:\/\/saojosedoipiranga.com.br\/new\/wp-json\/wp\/v2\/categories?post=1565"},{"taxonomy":"post_tag","embeddable":true,"href":"https:\/\/saojosedoipiranga.com.br\/new\/wp-json\/wp\/v2\/tags?post=1565"}],"curies":[{"name":"wp","href":"https:\/\/api.w.org\/{rel}","templated":true}]}}