{"id":1460,"date":"2019-04-26T15:54:40","date_gmt":"2019-04-26T18:54:40","guid":{"rendered":"http:\/\/saojosedoipiranga.com.br\/site\/?p=1460"},"modified":"2019-04-26T15:54:40","modified_gmt":"2019-04-26T18:54:40","slug":"frei-galvao-um-passeio-de-fe-na-historia","status":"publish","type":"post","link":"https:\/\/saojosedoipiranga.com.br\/new\/2019\/04\/26\/frei-galvao-um-passeio-de-fe-na-historia\/","title":{"rendered":"Frei Galv\u00e3o, um passeio de f\u00e9 na hist\u00f3ria!"},"content":{"rendered":"\n<h4 class=\"wp-block-heading\" style=\"text-align:right\">Voc\u00ea pode conhecer&#8230;caminhos da f\u00e9!<\/h4>\n\n\n\n<p>Hoje temos o nosso primeiro artigo sobre viagens e eventos religiosos. Estes artigos ser\u00e3o feitos quinzenalmente e temos a finalidade de apresentar atrativos que muitas vezes voc\u00ea pode n\u00e3o conhecer e descobrir novos destinos com enfoque religioso.<br>Vamos come\u00e7ar por um lugar que poucos conhecem, mas que muitos j\u00e1 ouviram falar de Frei Galv\u00e3o ou at\u00e9 mesmo escutaram algo sobre as \u201cP\u00edlulas do Frei Galv\u00e3o\u201d.<\/p>\n\n\n\n<figure class=\"wp-block-image\"><img fetchpriority=\"high\" decoding=\"async\" width=\"741\" height=\"494\" src=\"http:\/\/saojosedoipiranga.com.br\/site\/wp-content\/uploads\/2019\/04\/santuario-frei-galvao.jpg\" alt=\"\" class=\"wp-image-1461\" srcset=\"https:\/\/saojosedoipiranga.com.br\/new\/wp-content\/uploads\/2019\/04\/santuario-frei-galvao.jpg 741w, https:\/\/saojosedoipiranga.com.br\/new\/wp-content\/uploads\/2019\/04\/santuario-frei-galvao-300x200.jpg 300w\" sizes=\"(max-width: 741px) 100vw, 741px\" \/><\/figure>\n\n\n\n<p><br>Uma cidade simples, pequena e ajeitadinha, mas que de longe se v\u00ea a f\u00e9! Nesta cidade com aproximadamente 119.073 (2015 &#8211; <a href=\"https:\/\/pt.wikipedia.org\/wiki\/Guaratinguet\u00e1\">https:\/\/pt.wikipedia.org\/wiki\/Guaratinguet\u00e1<\/a>) \u00e9 que se localiza o Santu\u00e1rio de Frei Galv\u00e3o, \u00e0 190 km de S\u00e3o Paulo, \u00e0 10 km do Santu\u00e1rio de Aparecida e \u00e0 28,7 km da Can\u00e7\u00e3o Nova.<br>Esse destino pode ser sim um ponto de parada para quem cr\u00ea ou quer conhecer um pouco mais sobre Frei Galv\u00e3o, assim como sua hist\u00f3ria:<br><em>\u201cSereno e dadivoso, sempre voltado para o bem dos outros, Frei Ant\u00f4nio de Santana Galv\u00e3o \u00e9 posto pelo Papa Bento XVI como modelo para os crist\u00e3os brasileiros.<\/em><br><em>Santo Ant\u00f4nio de Sant&#8217;Ana Galv\u00e3o, mais conhecido como Frei Galv\u00e3o (Guaratinguet\u00e1, 1739 \u2014 S\u00e3o Paulo, 23 de dezembro de 1822) foi um frade cat\u00f3lico e primeiro santo nascido no Brasil. O pai, Ant\u00f4nio Galv\u00e3o de Fran\u00e7a, nascido em Portugal, era o capit\u00e3o-mor da vila. Sua m\u00e3e, Isabel Leite de Barros, era filha de fazendeiros, bisneta do famoso bandeirante Fern\u00e3o Dias Pais, o &#8220;ca\u00e7ador de esmeraldas&#8221;. Ant\u00f4nio viveu com seus irm\u00e3os numa casa grande e rica, pois seus pais gozavam de prest\u00edgio social e influ\u00eancia pol\u00edtica. O pai, querendo dar uma forma\u00e7\u00e3o humana e cultural segundo suas possibilidades econ\u00f4micas, mandou o filho com a idade de treze anos para o Col\u00e9gio de Bel\u00e9m, dos padres jesu\u00edtas, na Bahia, onde j\u00e1 se encontrava seu irm\u00e3o Jos\u00e9.<\/em><br><em>L\u00e1 fez grandes progressos nos estudos e na pr\u00e1tica crist\u00e3, de 1752 a 1756. Queria tornar-se jesu\u00edta, mas por causa da persegui\u00e7\u00e3o movida contra a Ordem pelo Marqu\u00eas de Pombal, seu pai o aconselhou a entrar para os franciscanos, que tinham um convento em Taubat\u00e9, n\u00e3o muito longe de Guaratinguet\u00e1. Assim, renunciou a um futuro promissor e influente na sociedade de ent\u00e3o, e aos 16 anos, entrou para o noviciado na Vila de Macacu, no Rio de Janeiro.<\/em><br><em>Est\u00e1tua do frade em sua cidade natal, Guaratinguet\u00e1. A 16 de abril de 1761 fez seus votos solenes. Um ano ap\u00f3s foi admitido \u00e0 ordena\u00e7\u00e3o sacerdotal, pois julgaram seus estudos suficientes.<\/em><br><em>Foi ent\u00e3o mandado para o Convento de S\u00e3o Francisco em S\u00e3o Paulo a fim de aperfei\u00e7oar os seus estudos de filosofia e teologia, e exercitar-se no apostolado. Data dessa \u00e9poca a sua &#8220;entrega a Maria&#8221;, como seu &#8220;filho e escravo perp\u00e9tuo&#8221;, consagra\u00e7\u00e3o mariana assinada com seu pr\u00f3prio sangue a 9 de mar\u00e7o de 1766.<\/em><br><em>Terminados os estudos foi nomeado Pregador, Confessor dos Leigos e Porteiro do Convento, cargo este considerado de muita import\u00e2ncia, pela comunica\u00e7\u00e3o com as pessoas e o grande apostolado resultante. Em 1769-70 foi designado confessor de um Recolhimento de piedosas mulheres, as &#8220;Recolhidas de Santa Teresa&#8221;, em S\u00e3o Paulo.\u201d<\/em><\/p>\n\n\n\n<h4 class=\"wp-block-heading\"><strong>Canoniza\u00e7\u00e3o de Frei Galv\u00e3o<\/strong><\/h4>\n\n\n\n<div class=\"wp-block-image\"><figure class=\"aligncenter\"><img decoding=\"async\" width=\"190\" height=\"155\" src=\"http:\/\/saojosedoipiranga.com.br\/site\/wp-content\/uploads\/2019\/04\/frei-galvao.jpg\" alt=\"\" class=\"wp-image-1464\"\/><\/figure><\/div>\n\n\n\n<p>Frei Galv\u00e3o foi canonizado pelo Papa Bento XVI em 11 de maio de 2007, durante a visita do pont\u00edfice ao Brasil. A comprova\u00e7\u00e3o oficial e o an\u00fancio foi feito em 16 de dezembro de 2006.<br>Trata-se do caso da Sra Sandra Grossi de Almeida e de seu filho Enzo de Almeida Gallafassi, da cidade de S\u00e3o Paulo-SP, hoje residentes em Bras\u00edlia-DF, Brasil.<br>O Santo Padre Bento XVI depois de conhecer o fato, autorizou no dia 16\/12\/2006, a Congrega\u00e7\u00e3o das Causas dos Santos a promulgar o Decreto, a respeito do milagre atribu\u00eddo \u00e0 intercess\u00e3o do Beato Frei Ant\u00f4nio de Sant&#8217;Anna Galv\u00e3o.<br>O nome do primeiro santo brasileiro ficou Santo Ant\u00f4nio de Sant&#8217;Anna Galv\u00e3o, conhecido comumente como S\u00e3o Frei Galv\u00e3o.<\/p>\n\n\n\n<h4 class=\"wp-block-heading\"><strong>P\u00edlulas da F\u00e9<\/strong><\/h4>\n\n\n\n<div class=\"wp-block-image\"><figure class=\"aligncenter\"><img decoding=\"async\" width=\"88\" height=\"222\" src=\"http:\/\/saojosedoipiranga.com.br\/site\/wp-content\/uploads\/2019\/04\/santo-antonio-de-santana-galvao.jpg\" alt=\"\" class=\"wp-image-1467\"\/><\/figure><\/div>\n\n\n\n<p>Certo dia, Frei Galv\u00e3o foi procurado por um senhor muito aflito, porque sua mulher estava em trabalho de parto e em perigo de perder a vida.<br>Frei Galv\u00e3o escreveu em tr\u00eas papelinhos o vers\u00edculo do Of\u00edcio da Sant\u00edssima Virgem: Pos partum Virgo, Inviolata permansisti: Dei Genitrix intercede pro nobis (Depois do parto, \u00f3 Virgem, permaneceste intacta: M\u00e3e de Deus, intercedei por n\u00f3s).<br>Deu-os ao homem, que por sua vez levou-os \u00e0 esposa. A mulher ingeriu os papelinhos, que Frei Galv\u00e3o enrolara como uma p\u00edlula, e a crian\u00e7a nasceu normalmente. Caso id\u00eantico deu-se com um jovem que se contorcia com dores provocadas por c\u00e1lculos visicais.<br>Frei Galv\u00e3o fez outras p\u00edlulas semelhantes e deu-as ao mo\u00e7o. Ap\u00f3s ingerir os papelinhos, o jovem expeliu os c\u00e1lculos e ficou curado.<br>Esta foi \u00e0 origem dos milagrosos papelinhos, que, desde ent\u00e3o, foram muito procurados pelos devotos de Frei Galv\u00e3o, e at\u00e9 hoje o Mosteiro fornece para pessoas que t\u00eam f\u00e9 na intercess\u00e3o de Servo de Deus.<br>Voc\u00ea pode saber muito mais sobre seus milagres e o caso da Sra Sandra Grossi de Almeida no site do santu\u00e1rio <a href=\"https:\/\/www.santuariofreigalvao.com\/\">https:\/\/www.santuariofreigalvao.com\/<\/a>.<br>Para quem \u00e9 devoto ou quer ter acesso as p\u00edlulas de Frei Galv\u00e3o e n\u00e3o pode conhecer Guaratinguet\u00e1&#8230; \u00e9 poss\u00edvel encontrar as p\u00edlulas no\u00a0 Mosteiro da Luz localizado na Av. Tiradentes, 676 \u2013 Luz \/ SP, para o caso de precisar de grande quantidade ou receber por correio, o contato \u00e9 (11) 3311-8745 ou pelo e-mail: <a href=\"mailto:atendimento@mosteirodaluz.org.br\">atendimento@mosteirodaluz.org.br<\/a>.<\/p>\n\n\n\n<p><strong>Imagens:<br><\/strong>https:\/\/www.a12.com\/redacaoa12\/espiritualidade\/frei-galvao-nasceu-em-meio-ao-surgimento-da-devocao-de-aparecida <br>http:\/\/www.saofreigalvao.org.br\/<\/p>\n\n\n\n<p><strong>Fonte:<\/strong> <br><a href=\"https:\/\/pt.wikipedia.org\/wiki\/Guaratingueta\">https:\/\/pt.wikipedia.org\/wiki\/Guaratingueta<\/a><br> http:\/\/www.saofreigalvao.org.br\/ <br> http:\/\/www.mosteirodaluz.org.br\/pilulas-de-frei-galvao-2\/ <\/p>\n\n\n\n<p><strong>Por:<\/strong> Monalisa Morales tem 33 anos, \u00e9 m\u00e3e do Lucas e casada com Pedro. Graduada em Turismo e MBA em Gest\u00e3o de empresas, hoje escreve colunas para alguns sites e realiza consultorias sobre viagens e eventos, enquanto se dedica a sua fam\u00edlia.<\/p>\n\n    <div class=\"xs_social_share_widget xs_share_url after_content \t\tmain_content  wslu-style-1 wslu-share-box-shaped wslu-fill-colored wslu-none wslu-share-horizontal wslu-theme-font-no wslu-main_content\">\n\n\t\t\n        <ul>\n\t\t\t        <\/ul>\n    <\/div> \n","protected":false},"excerpt":{"rendered":"<p>Voc\u00ea pode conhecer&#8230;caminhos da f\u00e9! Hoje temos o nosso primeiro artigo sobre viagens e eventos religiosos. Estes artigos ser\u00e3o feitos quinzenalmente e temos a finalidade de apresentar atrativos que muitas&hellip; <br \/> <a class=\"read-more\" href=\"https:\/\/saojosedoipiranga.com.br\/new\/2019\/04\/26\/frei-galvao-um-passeio-de-fe-na-historia\/\">Leia mais<\/a><\/p>\n","protected":false},"author":3,"featured_media":1463,"comment_status":"closed","ping_status":"closed","sticky":false,"template":"","format":"standard","meta":{"_vp_format_video_url":"","_vp_image_focal_point":[],"footnotes":""},"categories":[3,10],"tags":[141,158,159,161,170,268,270,277,359,367,412,427],"class_list":["post-1460","post","type-post","status-publish","format-standard","has-post-thumbnail","hentry","category-blog","category-noticias","tag-fe","tag-frei-antonio-de-santana-galvao","tag-frei-galvao","tag-historia","tag-igreja-sao-jose-do-ipiranga","tag-paroquia-sao-jose","tag-paroquia-sao-jose-do-ipiranga","tag-passeio-catolico","tag-sao-jose-do-ipiranga","tag-saojose","tag-viagem","tag-voce-pode-conhecer-caminhos-da-fe"],"_links":{"self":[{"href":"https:\/\/saojosedoipiranga.com.br\/new\/wp-json\/wp\/v2\/posts\/1460","targetHints":{"allow":["GET"]}}],"collection":[{"href":"https:\/\/saojosedoipiranga.com.br\/new\/wp-json\/wp\/v2\/posts"}],"about":[{"href":"https:\/\/saojosedoipiranga.com.br\/new\/wp-json\/wp\/v2\/types\/post"}],"author":[{"embeddable":true,"href":"https:\/\/saojosedoipiranga.com.br\/new\/wp-json\/wp\/v2\/users\/3"}],"replies":[{"embeddable":true,"href":"https:\/\/saojosedoipiranga.com.br\/new\/wp-json\/wp\/v2\/comments?post=1460"}],"version-history":[{"count":0,"href":"https:\/\/saojosedoipiranga.com.br\/new\/wp-json\/wp\/v2\/posts\/1460\/revisions"}],"wp:featuredmedia":[{"embeddable":true,"href":"https:\/\/saojosedoipiranga.com.br\/new\/wp-json\/wp\/v2\/media\/1463"}],"wp:attachment":[{"href":"https:\/\/saojosedoipiranga.com.br\/new\/wp-json\/wp\/v2\/media?parent=1460"}],"wp:term":[{"taxonomy":"category","embeddable":true,"href":"https:\/\/saojosedoipiranga.com.br\/new\/wp-json\/wp\/v2\/categories?post=1460"},{"taxonomy":"post_tag","embeddable":true,"href":"https:\/\/saojosedoipiranga.com.br\/new\/wp-json\/wp\/v2\/tags?post=1460"}],"curies":[{"name":"wp","href":"https:\/\/api.w.org\/{rel}","templated":true}]}}