{"id":1402,"date":"2019-04-18T11:07:22","date_gmt":"2019-04-18T14:07:22","guid":{"rendered":"http:\/\/saojosedoipiranga.com.br\/site\/?p=1402"},"modified":"2019-04-18T11:07:22","modified_gmt":"2019-04-18T14:07:22","slug":"paixao-morte-e-ressurreicao-com-os-icones-bizantinos","status":"publish","type":"post","link":"https:\/\/saojosedoipiranga.com.br\/new\/2019\/04\/18\/paixao-morte-e-ressurreicao-com-os-icones-bizantinos\/","title":{"rendered":"PAIX\u00c3O, MORTE E RESSURREI\u00c7\u00c3O COM OS \u00cdCONES BIZANTINOS"},"content":{"rendered":"\n<h4 class=\"wp-block-heading\"><strong><em>QUINTA-FEIRA SANTA, A CEIA<\/em><\/strong><\/h4>\n\n\n\n<div class=\"wp-block-image\"><figure class=\"aligncenter\"><img fetchpriority=\"high\" decoding=\"async\" width=\"431\" height=\"640\" src=\"http:\/\/saojosedoipiranga.com.br\/site\/wp-content\/uploads\/2019\/04\/icone-santa-ceia.jpg\" alt=\"\" class=\"wp-image-1403\" srcset=\"https:\/\/saojosedoipiranga.com.br\/new\/wp-content\/uploads\/2019\/04\/icone-santa-ceia.jpg 431w, https:\/\/saojosedoipiranga.com.br\/new\/wp-content\/uploads\/2019\/04\/icone-santa-ceia-202x300.jpg 202w\" sizes=\"(max-width: 431px) 100vw, 431px\" \/><\/figure><\/div>\n\n\n\n<p><strong><em>\u201c Isto \u00e9 o meu corpo dado por v\u00f3s\u201d<\/em><\/strong><br><strong><em>\u201cEsta ta\u00e7a \u00e9 a nova Alian\u00e7a em meu sangue derramado por v\u00f3s\u201d &nbsp;&nbsp;&nbsp;<\/em><\/strong><br><strong><em>Lc 22,19-20 <\/em><\/strong><\/p>\n\n\n\n<h4 class=\"wp-block-heading\"><strong><em>SEXTA-FEIRA SANTA, A PAIX\u00c3O<\/em><\/strong><\/h4>\n\n\n\n<div class=\"wp-block-image\"><figure class=\"aligncenter\"><img decoding=\"async\" width=\"400\" height=\"533\" src=\"http:\/\/saojosedoipiranga.com.br\/site\/wp-content\/uploads\/2019\/04\/icone-paixao-de-cristo.jpg\" alt=\"\" class=\"wp-image-1404\" srcset=\"https:\/\/saojosedoipiranga.com.br\/new\/wp-content\/uploads\/2019\/04\/icone-paixao-de-cristo.jpg 400w, https:\/\/saojosedoipiranga.com.br\/new\/wp-content\/uploads\/2019\/04\/icone-paixao-de-cristo-225x300.jpg 225w\" sizes=\"(max-width: 400px) 100vw, 400px\" \/><\/figure><\/div>\n\n\n\n<p><strong><em>Revestem-no de p\u00farpura e lhe p\u00f5em sobre a cabe\u00e7a uma coroa de espinhos \u201d Mc 15,17&nbsp;&nbsp;&nbsp;&nbsp;&nbsp;&nbsp;&nbsp;&nbsp; <\/em><\/strong><\/p>\n\n\n\n<h4 class=\"wp-block-heading\"><strong><em>Jesus morre na cruz<\/em><\/strong><\/h4>\n\n\n\n<figure class=\"wp-block-image\"><img decoding=\"async\" width=\"800\" height=\"800\" src=\"http:\/\/saojosedoipiranga.com.br\/site\/wp-content\/uploads\/2019\/04\/icone-jesus-crucifcado.jpg\" alt=\"\" class=\"wp-image-1405\" srcset=\"https:\/\/saojosedoipiranga.com.br\/new\/wp-content\/uploads\/2019\/04\/icone-jesus-crucifcado.jpg 800w, https:\/\/saojosedoipiranga.com.br\/new\/wp-content\/uploads\/2019\/04\/icone-jesus-crucifcado-300x300.jpg 300w, https:\/\/saojosedoipiranga.com.br\/new\/wp-content\/uploads\/2019\/04\/icone-jesus-crucifcado-150x150.jpg 150w, https:\/\/saojosedoipiranga.com.br\/new\/wp-content\/uploads\/2019\/04\/icone-jesus-crucifcado-768x768.jpg 768w\" sizes=\"(max-width: 800px) 100vw, 800px\" \/><\/figure>\n\n\n\n<p>&#8220;Havendo Jesus tomado do vinagre, disse: \u201cTudo est\u00e1 consumado\u201d. Inclinou a cabe\u00e7a e entregou o esp\u00edrito. 31. Os judeus temeram que os corpos ficassem na cruz durante o s\u00e1bado, porque j\u00e1 era a Prepara\u00e7\u00e3o e esse s\u00e1bado era particularmente solene. Rogaram a Pilatos que se lhes quebrassem as pernas e fossem retirados. 32. Vieram os soldados e quebraram as pernas do primeiro e do outro, que com ele foram crucificados. 33. Chegando, por\u00e9m, a Jesus, como o vissem j\u00e1 morto, n\u00e3o lhe quebraram as pernas, 34. mas um dos soldados abriu-lhe o lado com uma lan\u00e7a e, imediatamente, saiu sangue e \u00e1gua. 35. O que foi testemunha desse fato o atesta (e o seu testemunho \u00e9 digno de f\u00e9, e ele sabe que diz a verdade), a fim de que v\u00f3s creiais. 36. Assim se cumpriu a Escritura: Nenhum dos seus ossos ser\u00e1 quebrado. 37.E diz em outra parte a Escritura: Olhar\u00e3o para aquele que trans\u00adpas\u00adsa\u00adram&#8221;. Jo 19, 30-37&nbsp;.<\/p>\n\n\n\n<h4 class=\"wp-block-heading\"><strong><em>S\u00c1BADO SANTO , &nbsp;DESCEU \u00c0 MANS\u00c3O DOS MORTOS <\/em><\/strong><\/h4>\n\n\n\n<div class=\"wp-block-image\"><figure class=\"aligncenter\"><img loading=\"lazy\" decoding=\"async\" width=\"500\" height=\"684\" src=\"http:\/\/saojosedoipiranga.com.br\/site\/wp-content\/uploads\/2019\/04\/icone-sabado-santo.jpg\" alt=\"\" class=\"wp-image-1406\" srcset=\"https:\/\/saojosedoipiranga.com.br\/new\/wp-content\/uploads\/2019\/04\/icone-sabado-santo.jpg 500w, https:\/\/saojosedoipiranga.com.br\/new\/wp-content\/uploads\/2019\/04\/icone-sabado-santo-219x300.jpg 219w\" sizes=\"(max-width: 500px) 100vw, 500px\" \/><\/figure><\/div>\n\n\n\n<p>Cristo desceu, portanto, no seio da terra, a fim de que \u201cos mortos ou\u00e7am a voz do Filho de Deus e os que a ouvirem vivam\u201d (Jo 5,25). Jesus, \u201co Pr\u00edncipe da vida\u201d, \u201cdestruiu pela morte o dominador da morte, isto \u00e9, o Diabo, e libertou os que passaram toda a vida em estado de servid\u00e3o, pelo temor da morte\u201d (Hb 2,5). A partir de agora, Cristo ressuscitado \u201cdet\u00e9m a chave da morte e do Hades\u201d (Ap 1,18), e \u201cao nome de Jesus todo joelho se dobre no C\u00e9u, na Terra e nos Infernos\u201d (Fl 2,10). Um grande sil\u00eancio reina hoje na terra, um grande sil\u00eancio e uma grande solid\u00e3o. Um grande sil\u00eancio porque o Rei dorme. A terra tremeu e acalmou-se porque Deus adormeceu na carne e foi acordar os que dormiam desde s\u00e9culos&#8230; Ele vai procurar Ad\u00e3o, nosso primeiro Pai, a ovelha perdida. Quer ir visitar todos os que se assentaram nas trevas e \u00e0 sombra da morte. Vai libertar de suas dores aqueles dos quais \u00e9 filho e para os quais \u00e9 Deus: Ad\u00e3o acorrentado e Eva com ele cativa. \u201cEu sou teu Deus, e por causa de ti me tornei teu filho. Levanta-te, tu que dormes, pois n\u00e3o te criei para que fiques prisioneiro do Inferno: Levanta-te dentre os mortos, eu sou a Vida dos mortos\u201d. <strong><em>&nbsp;<\/em><\/strong><br>Antiga Homilia do S\u00e1bado Santo (S\u00e9c IV)<\/p>\n\n\n\n<h4 class=\"wp-block-heading\"><strong><em>DOMINGO DA P\u00c1SCOA DE RESSURREI\u00c7\u00c3O. O T\u00daMULO VAZIO. <\/em><\/strong><\/h4>\n\n\n\n<div class=\"wp-block-image\"><figure class=\"aligncenter\"><img loading=\"lazy\" decoding=\"async\" width=\"540\" height=\"760\" src=\"http:\/\/saojosedoipiranga.com.br\/site\/wp-content\/uploads\/2019\/04\/icone-domingo-da-pascoa.jpg\" alt=\"\" class=\"wp-image-1407\" srcset=\"https:\/\/saojosedoipiranga.com.br\/new\/wp-content\/uploads\/2019\/04\/icone-domingo-da-pascoa.jpg 540w, https:\/\/saojosedoipiranga.com.br\/new\/wp-content\/uploads\/2019\/04\/icone-domingo-da-pascoa-213x300.jpg 213w\" sizes=\"(max-width: 540px) 100vw, 540px\" \/><\/figure><\/div>\n\n\n\n<p><strong><em>\u201c Eu sou &nbsp;o Alfa e o \u00d4mega, o Primeiro e o \u00daltimo, o Come\u00e7o e o Fim\u201d <\/em><\/strong><br><strong><em>Ap 22,13.<\/em><\/strong><\/p>\n\n\n\n<p><strong><em>Por Eliana Galv\u00e1n Gil<\/em><\/strong><\/p>\n\n    <div class=\"xs_social_share_widget xs_share_url after_content \t\tmain_content  wslu-style-1 wslu-share-box-shaped wslu-fill-colored wslu-none wslu-share-horizontal wslu-theme-font-no wslu-main_content\">\n\n\t\t\n        <ul>\n\t\t\t        <\/ul>\n    <\/div> \n","protected":false},"excerpt":{"rendered":"<p>QUINTA-FEIRA SANTA, A CEIA \u201c Isto \u00e9 o meu corpo dado por v\u00f3s\u201d\u201cEsta ta\u00e7a \u00e9 a nova Alian\u00e7a em meu sangue derramado por v\u00f3s\u201d &nbsp;&nbsp;&nbsp;Lc 22,19-20 SEXTA-FEIRA SANTA, A PAIX\u00c3O&hellip; <br \/> <a class=\"read-more\" href=\"https:\/\/saojosedoipiranga.com.br\/new\/2019\/04\/18\/paixao-morte-e-ressurreicao-com-os-icones-bizantinos\/\">Leia mais<\/a><\/p>\n","protected":false},"author":3,"featured_media":1412,"comment_status":"closed","ping_status":"closed","sticky":false,"template":"","format":"standard","meta":{"_vp_format_video_url":"","_vp_image_focal_point":[],"footnotes":""},"categories":[3],"tags":[19,92,94,118,188,222,255,276,307,309,318,328,335,377,383,388],"class_list":["post-1402","post","type-post","status-publish","format-standard","has-post-thumbnail","hentry","category-blog","tag-alfa-e-omega","tag-cristo-ressuscitado","tag-cruz","tag-domingo-de-pascoa","tag-lava-pes","tag-morte-de-cristo","tag-paixao-de-cristo","tag-pascoa","tag-querigma-da-igreja","tag-quinta-feira-santa","tag-ressurreicao-de-cristo","tag-sabado-de-aleluia","tag-santa-ceia","tag-semana-santa","tag-sexta-da-paixao","tag-sexta-feira-santa"],"_links":{"self":[{"href":"https:\/\/saojosedoipiranga.com.br\/new\/wp-json\/wp\/v2\/posts\/1402","targetHints":{"allow":["GET"]}}],"collection":[{"href":"https:\/\/saojosedoipiranga.com.br\/new\/wp-json\/wp\/v2\/posts"}],"about":[{"href":"https:\/\/saojosedoipiranga.com.br\/new\/wp-json\/wp\/v2\/types\/post"}],"author":[{"embeddable":true,"href":"https:\/\/saojosedoipiranga.com.br\/new\/wp-json\/wp\/v2\/users\/3"}],"replies":[{"embeddable":true,"href":"https:\/\/saojosedoipiranga.com.br\/new\/wp-json\/wp\/v2\/comments?post=1402"}],"version-history":[{"count":0,"href":"https:\/\/saojosedoipiranga.com.br\/new\/wp-json\/wp\/v2\/posts\/1402\/revisions"}],"wp:featuredmedia":[{"embeddable":true,"href":"https:\/\/saojosedoipiranga.com.br\/new\/wp-json\/wp\/v2\/media\/1412"}],"wp:attachment":[{"href":"https:\/\/saojosedoipiranga.com.br\/new\/wp-json\/wp\/v2\/media?parent=1402"}],"wp:term":[{"taxonomy":"category","embeddable":true,"href":"https:\/\/saojosedoipiranga.com.br\/new\/wp-json\/wp\/v2\/categories?post=1402"},{"taxonomy":"post_tag","embeddable":true,"href":"https:\/\/saojosedoipiranga.com.br\/new\/wp-json\/wp\/v2\/tags?post=1402"}],"curies":[{"name":"wp","href":"https:\/\/api.w.org\/{rel}","templated":true}]}}