{"id":1367,"date":"2019-04-19T09:13:56","date_gmt":"2019-04-19T12:13:56","guid":{"rendered":"http:\/\/saojosedoipiranga.com.br\/site\/?p=1367"},"modified":"2019-04-19T09:13:56","modified_gmt":"2019-04-19T12:13:56","slug":"dicas-de-passeios-pelo-brasil","status":"publish","type":"post","link":"https:\/\/saojosedoipiranga.com.br\/new\/2019\/04\/19\/dicas-de-passeios-pelo-brasil\/","title":{"rendered":"Dicas de passeios pelo Brasil"},"content":{"rendered":"\n<h3 class=\"wp-block-heading\">4 dicas lugares no Brasil que voc\u00ea precisa visitar<\/h3>\n\n\n\n<p class=\"has-medium-font-size\"><strong>Caminhos da F\u00e9- O Turismo religioso no Brasil e suas principais festas <\/strong><\/p>\n\n\n\n<p>\n\nSegundo dados do Minist\u00e9rio do Turismo de 2017, o Turismo Religioso movimentou cerca de 15 bilh\u00f5es no pa\u00eds. Em 2016 o Instituto Gallup Internacional, liderou uma pesquisa de mercado e constatou que 63% das pessoas do planeta se consideram religiosas e 11% ateias.<br>O Brasil encontra-se no ranking em 23\u00aa posi\u00e7\u00e3o entre os mais religiosos, estando \u00e0 frente da Argentina. Por ano uma m\u00e9dia de quase 20 milh\u00f5es de brasileiros procura o turismo religioso.<br>Neste artigo iremos falar de alguns destinos bastante procurados. Come\u00e7amos por um bem concorrido que \u00e9 o C\u00edrio de Nazar\u00e9 em Bel\u00e9m do Par\u00e1.\n\n<\/p>\n\n\n\n<h4 class=\"wp-block-heading\"> <strong>1<\/strong> <strong>&#8211; C\u00edrio de Nazar\u00e9 &#8211; Bel\u00e9m do Par\u00e1<\/strong> <\/h4>\n\n\n\n<p>Esta festa \u00e9 uma das maiores prociss\u00f5es cat\u00f3licas do Brasil e do mundo. \u00c9 considerado Patrim\u00f4nio Cultural de Natureza Imaterial. Re\u00fane cerca de dois milh\u00f5es de romeiros e a cada ano atrai mais pessoas, numa caminhada pelas ruas da capital, disputando um lugar na corda, homenageando Nossa Senhora de Nazar\u00e9.<br>Celebrada no segundo domingo de outubro, a prociss\u00e3o que tem um percurso de quase 4 quil\u00f4metros, sai da Catedral de Bel\u00e9m e segue at\u00e9 a Pra\u00e7a Santu\u00e1rio de Nazar\u00e9, onde a imagem fica exposta num altar durante 15 dias, no per\u00edodo chamado de quadra nazarena.<br>Al\u00e9m do C\u00edrio outra manifesta\u00e7\u00e3o da f\u00e9 popular \u00e9 a romaria fluvial que ocorre na semana do C\u00edrio, onde as navega\u00e7\u00f5es s\u00e3o lindamente enfeitadas com muitas flores. <\/p>\n\n\n\n<figure class=\"wp-block-image\"><img decoding=\"async\" src=\"http:\/\/saojosedoipiranga.com.br\/site\/wp-content\/uploads\/2019\/04\/cirio-de-nazar\u00e9-1-1024x683.jpg\" alt=\"\" class=\"wp-image-1395\"\/><figcaption>Foto tirada do site:  www.v<a href=\"https:\/\/viagemeturismo.abril.com.br\/materias\/uma-explosao-de-pessoas-na-procissao-do-cirio-de-nazare\/\">iagemeturismo.abril.com.br<\/a><\/figcaption><\/figure>\n\n\n\n<h4 class=\"wp-block-heading\"> <strong>2<\/strong> <strong>&#8211; Dia do Romeiro &#8211; Juazeiro do Norte &#8211; Ceara<\/strong> <\/h4>\n\n\n\n<p>Padre Cicero Rom\u00e3o Batista (Padim Ci\u00e7o) como \u00e9 conhecido, tem a est\u00e1tua mais visitada do Nordeste. S\u00e3o 27 metros l\u00e1 no alto da colina no Horto. Pr\u00f3ximo dali, temos o Museu Padre C\u00edcero onde s\u00e3o guardados alguns objetos pessoais do religioso, al\u00e9m de pinturas, fotos, casa dos milagres, e sala das promessas, onde os romeiros deixam alguns pertences trazidos atrav\u00e9s das promessas.<br>A import\u00e2ncia de Padre Cicero na cidade \u00e9 enorme. Foi ele quem trouxe para Juazeiro a Ordem dos Salesianos, doou terrenos para constru\u00e7\u00e3o do primeiro campo de futebol da cidade e tamb\u00e9m do aeroporto, construiu as capelas do Socorro, de S\u00e3o Vicente e a Igreja Nossa Senhora das Dores tamb\u00e9m.<br>O dia de Finados recebe uma legi\u00e3o de romeiros na cidade, costume esse que sempre foi incentivado pelo Padre Ci\u00e7o e se estende at\u00e9 os dias de hoje. Faz parte do calend\u00e1rio da cidade dia 1\u00b0 de novembro como o Dia do Romeiro, data onde chegam milhares de pessoas, para visita da est\u00e1tua e o t\u00famulo de Padre Ci\u00e7o.<br>Os romeiros participam das missas na Igreja do Perp\u00e9tuo Socorro e da festa do aceno com seus chap\u00e9us, simbolizando o mesmo gesto que Padre Cicero saudava o povo da cidade quando passava.<br>No ultimo dia 23 de mar\u00e7o foi comemorado o anivers\u00e1rio de 175 anos do Patriarca do Sert\u00e3o, com missas, exposi\u00e7\u00f5es e uma intensa programa\u00e7\u00e3o repleta de atividades religiosas e culturais. <\/p>\n\n\n\n<figure class=\"wp-block-image\"><img fetchpriority=\"high\" decoding=\"async\" width=\"1024\" height=\"678\" src=\"http:\/\/saojosedoipiranga.com.br\/site\/wp-content\/uploads\/2019\/04\/juazeiro-do-norte-1024x678.jpg\" alt=\"\" class=\"wp-image-1394\" srcset=\"https:\/\/saojosedoipiranga.com.br\/new\/wp-content\/uploads\/2019\/04\/juazeiro-do-norte-1024x678.jpg 1024w, https:\/\/saojosedoipiranga.com.br\/new\/wp-content\/uploads\/2019\/04\/juazeiro-do-norte-300x199.jpg 300w, https:\/\/saojosedoipiranga.com.br\/new\/wp-content\/uploads\/2019\/04\/juazeiro-do-norte-768x509.jpg 768w, https:\/\/saojosedoipiranga.com.br\/new\/wp-content\/uploads\/2019\/04\/juazeiro-do-norte-1536x1017.jpg 1536w, https:\/\/saojosedoipiranga.com.br\/new\/wp-content\/uploads\/2019\/04\/juazeiro-do-norte-2048x1356.jpg 2048w\" sizes=\"(max-width: 1024px) 100vw, 1024px\" \/><figcaption>Foto tirada do site da Prefeitura Municipal de Juazeiro do Norte<\/figcaption><\/figure>\n\n\n\n<h4 class=\"wp-block-heading\"><strong>3<\/strong> <strong>&#8211; Festa do Divino Pai Eterno &#8211; Trindade &#8211; Goi\u00e1s<\/strong> <\/h4>\n\n\n\n<p>No primeiro domingo do m\u00eas de julho e os noves dias que o antecedem, s\u00e3o celebradas missas e novenas, junto com os tropeiros, encontro de jovens e o acolhimento dos carreiros do Divino Pai Eterno (prociss\u00e3o dos carros de boi), e os demais devotos que enchem as ruas da cidade.<br>S\u00e3o realizadas cerca de 100 missas, dezenas de novenas, al\u00e9m das prociss\u00f5es, vig\u00edlias, alvoradas que acontecem durante toda semana de comemora\u00e7\u00f5es.<br>No ano passado a cidade recebeu cerca de 3 milh\u00f5es de fi\u00e9is. Conta \u00e0 hist\u00f3ria que um casal de lavradores por volta de 1843 encontrou um medalh\u00e3o de barro com a imagem da Sant\u00edssima Trindade, Pai, Filho e Espirito Santo coroando a Virgem Maria. Como um sinal divino o casal come\u00e7ou a receber em sua casa pessoas em busca de ben\u00e7\u00e3o.<br>O n\u00famero de devotos foi crescendo e assim constru\u00edram uma pequena capela, visitada at\u00e9 hoje nos dias de festa.<br>A Via Sacra at\u00e9 a cidade tem 18 quil\u00f4metros de estrada conhecida com o Caminho da F\u00e9, onde em sua extens\u00e3o est\u00e3o 14 pain\u00e9is que retratam a Via Sacra. Outro momento de extrema emo\u00e7\u00e3o \u00e9 a chegada \u00e0 cidade, onde o romeiro deve passar pelo Portal da F\u00e9, um monumento com mais de 20 metros de altura, onde existe uma cruz erguida e os fi\u00e9is acendem velas e fazem suas ora\u00e7\u00f5es em agradecimento.<br>A Fita do Beijamento tamb\u00e9m \u00e9 outra tradi\u00e7\u00e3o, ela fica na Bas\u00edlica do Divino Pai Eterno, e os fi\u00e9is peregrinam at\u00e9 ela para pedir b\u00ean\u00e7\u00e3os e agradecer aos p\u00e9s da Imagem do Divino Pai Eterno. Assim como esta tradi\u00e7\u00e3o tem tamb\u00e9m o Desfile dos Cavaleiros e Muladeiros, que come\u00e7a na Igreja Matriz da cidade. <\/p>\n\n\n\n<figure class=\"wp-block-image\"><img decoding=\"async\" width=\"565\" height=\"300\" src=\"http:\/\/saojosedoipiranga.com.br\/site\/wp-content\/uploads\/2019\/04\/not_romaria_pai_eterno_2018.jpg\" alt=\"\" class=\"wp-image-1397\" srcset=\"https:\/\/saojosedoipiranga.com.br\/new\/wp-content\/uploads\/2019\/04\/not_romaria_pai_eterno_2018.jpg 565w, https:\/\/saojosedoipiranga.com.br\/new\/wp-content\/uploads\/2019\/04\/not_romaria_pai_eterno_2018-300x159.jpg 300w\" sizes=\"(max-width: 565px) 100vw, 565px\" \/><figcaption>Foto tirada do site da diocese de An\u00e1polis:  ww<a href=\"http:\/\/www.diocesedeanapolis.org.br\/romaria-do-divino-pai-eterno-2018-teve-inicio-nesta-sexta-feira\/\">w.diocesedeanapolis.org.br<\/a><\/figcaption><\/figure>\n\n\n\n<h4 class=\"wp-block-heading\"> <strong>4<\/strong> <strong>&#8211; Festa de Nossa Senhora Aparecida &#8211; Aparecida<\/strong> <\/h4>\n\n\n\n<p>A Casa da M\u00e3e Aparecida \u00e9 considerada o quarto maior Santu\u00e1rio Mariano do Mundo. Em 2017 recebeu uma m\u00e9dia de 13 milh\u00f5es de romeiros durante o ano, devotos de todos os cantos do Brasil.<br>A festa do ano passado reuniu cerca de 160 mil romeiros, distribuiu cerca de 53 mil h\u00f3stias, teve um total de 325 Ministros, e s\u00f3 para a missa das 9h, 100 deles trabalharam.<br>A Rainha e Padroeira do Brasil foi encontrada no ano de 1717 nas \u00e1guas do Rio Para\u00edba. Naquela \u00e9poca n\u00e3o era tempo de peixes, mais os tr\u00eas pescadores, Domingos Garcia, Jo\u00e3o Alves e Filipe Pedroso, entraram no barco, rezaram pedindo a prote\u00e7\u00e3o a Virgem Maria para que pudessem voltar \u00e0 terra firme e com fartura, eram tempos dif\u00edceis.<br>Ap\u00f3s v\u00e1rias tentativas, jogaram mais uma vez a rede, e para surpresa pescaram o corpo de uma imagem, lan\u00e7aram novamente veio \u00e0 cabe\u00e7a que se encaixou perfeitamente ao corpo.<br>Missas s\u00e3o rezadas o dia todo em louvor a Padroeira no Santu\u00e1rio, e em todo munic\u00edpio de Aparecida acontecem manifesta\u00e7\u00f5es.<br>A devo\u00e7\u00e3o foi se espalhando pela cidade ao longo dos anos, Primeiro nas casas dos fi\u00e9is da regi\u00e3o, depois uma capela foi constru\u00edda, e hoje o Santu\u00e1rio lindo de Nossa Senhora Concei\u00e7\u00e3o Aparecida.<br>Sua proclama\u00e7\u00e3o como rainha do Brasil se deu em 16 de julho de 1930 pelo Papa Pio XI, e todo dia 12 de Outubro tamb\u00e9m comemorado Dia das Crian\u00e7as rendemos nosso amor incondicional a Nossa \u201cM\u00e3e Negra\u201d. <\/p>\n\n\n\n<figure class=\"wp-block-image\"><img decoding=\"async\" width=\"640\" height=\"410\" src=\"http:\/\/saojosedoipiranga.com.br\/site\/wp-content\/uploads\/2019\/04\/285_mil_devotos_passam_por_Aparecida_durante_feriado_prolongado-992839.jpg\" alt=\"\" class=\"wp-image-1398\" srcset=\"https:\/\/saojosedoipiranga.com.br\/new\/wp-content\/uploads\/2019\/04\/285_mil_devotos_passam_por_Aparecida_durante_feriado_prolongado-992839.jpg 640w, https:\/\/saojosedoipiranga.com.br\/new\/wp-content\/uploads\/2019\/04\/285_mil_devotos_passam_por_Aparecida_durante_feriado_prolongado-992839-300x192.jpg 300w\" sizes=\"(max-width: 640px) 100vw, 640px\" \/><figcaption>Foto tirada do site: www.a12.com\/santuario<\/figcaption><\/figure>\n\n\n\n<p><em><strong>Por Lilian Bek<\/strong><\/em><\/p>\n\n    <div class=\"xs_social_share_widget xs_share_url after_content \t\tmain_content  wslu-style-1 wslu-share-box-shaped wslu-fill-colored wslu-none wslu-share-horizontal wslu-theme-font-no wslu-main_content\">\n\n\t\t\n        <ul>\n\t\t\t        <\/ul>\n    <\/div> \n","protected":false},"excerpt":{"rendered":"<p>4 dicas lugares no Brasil que voc\u00ea precisa visitar Caminhos da F\u00e9- O Turismo religioso no Brasil e suas principais festas Segundo dados do Minist\u00e9rio do Turismo de 2017, o&hellip; <br \/> <a class=\"read-more\" href=\"https:\/\/saojosedoipiranga.com.br\/new\/2019\/04\/19\/dicas-de-passeios-pelo-brasil\/\">Leia mais<\/a><\/p>\n","protected":false},"author":3,"featured_media":0,"comment_status":"closed","ping_status":"closed","sticky":false,"template":"","format":"standard","meta":{"_vp_format_video_url":"","_vp_image_focal_point":[],"footnotes":""},"categories":[3],"tags":[54,114,170,270,278,279,298,357,359,404],"class_list":["post-1367","post","type-post","status-publish","format-standard","hentry","category-blog","tag-brasil","tag-dicas","tag-igreja-sao-jose-do-ipiranga","tag-paroquia-sao-jose-do-ipiranga","tag-passeio-religioso","tag-passeios","tag-principais-festas-catolicas","tag-sao-jose","tag-sao-jose-do-ipiranga","tag-turismo-religioso"],"_links":{"self":[{"href":"https:\/\/saojosedoipiranga.com.br\/new\/wp-json\/wp\/v2\/posts\/1367","targetHints":{"allow":["GET"]}}],"collection":[{"href":"https:\/\/saojosedoipiranga.com.br\/new\/wp-json\/wp\/v2\/posts"}],"about":[{"href":"https:\/\/saojosedoipiranga.com.br\/new\/wp-json\/wp\/v2\/types\/post"}],"author":[{"embeddable":true,"href":"https:\/\/saojosedoipiranga.com.br\/new\/wp-json\/wp\/v2\/users\/3"}],"replies":[{"embeddable":true,"href":"https:\/\/saojosedoipiranga.com.br\/new\/wp-json\/wp\/v2\/comments?post=1367"}],"version-history":[{"count":0,"href":"https:\/\/saojosedoipiranga.com.br\/new\/wp-json\/wp\/v2\/posts\/1367\/revisions"}],"wp:attachment":[{"href":"https:\/\/saojosedoipiranga.com.br\/new\/wp-json\/wp\/v2\/media?parent=1367"}],"wp:term":[{"taxonomy":"category","embeddable":true,"href":"https:\/\/saojosedoipiranga.com.br\/new\/wp-json\/wp\/v2\/categories?post=1367"},{"taxonomy":"post_tag","embeddable":true,"href":"https:\/\/saojosedoipiranga.com.br\/new\/wp-json\/wp\/v2\/tags?post=1367"}],"curies":[{"name":"wp","href":"https:\/\/api.w.org\/{rel}","templated":true}]}}