{"id":1283,"date":"2019-04-03T17:02:25","date_gmt":"2019-04-03T20:02:25","guid":{"rendered":"http:\/\/saojosedoipiranga.com.br\/site\/?p=1283"},"modified":"2019-04-03T17:02:25","modified_gmt":"2019-04-03T20:02:25","slug":"acompanhe-a-programacao-da-semana-santa","status":"publish","type":"post","link":"https:\/\/saojosedoipiranga.com.br\/new\/2019\/04\/03\/acompanhe-a-programacao-da-semana-santa\/","title":{"rendered":"Acompanhe a programa\u00e7\u00e3o da Semana Santa"},"content":{"rendered":"\n<div class=\"wp-block-image\"><figure class=\"aligncenter\"><img fetchpriority=\"high\" decoding=\"async\" width=\"500\" height=\"333\" src=\"http:\/\/saojosedoipiranga.com.br\/site\/wp-content\/uploads\/2019\/04\/cristo-1.jpg\" alt=\"\" class=\"wp-image-1286\" srcset=\"https:\/\/saojosedoipiranga.com.br\/new\/wp-content\/uploads\/2019\/04\/cristo-1.jpg 500w, https:\/\/saojosedoipiranga.com.br\/new\/wp-content\/uploads\/2019\/04\/cristo-1-300x200.jpg 300w\" sizes=\"(max-width: 500px) 100vw, 500px\" \/><\/figure><\/div>\n\n\n\n<p class=\"has-large-font-size\"><strong>14\/4 &#8211; Domingo de Ramos<\/strong><\/p>\n\n\n\n<p class=\"has-medium-font-size\"><strong>9h &#8211; Prociss\u00e3o dos Ramos <\/strong><br>Iniciaremos na Creche Catarina Labour\u00e9, na R. Cipriano Barata, 2028, e seguiremos em prociss\u00e3o para a Par\u00f3quia S\u00e3o Jos\u00e9 do Ipiranga <\/p>\n\n\n\n<p class=\"has-medium-font-size\"><strong>11h e 19h &#8211; Santa Missa<\/strong><\/p>\n\n\n\n<p class=\"has-large-font-size\"><strong>15\/4 &#8211; Segunda-feira Santa<\/strong><\/p>\n\n\n\n<p class=\"has-medium-font-size\"><strong>19h &#8211; Santa Missa de santifica\u00e7\u00e3o da fam\u00edlia<\/strong>  <br>Ser\u00e1 aben\u00e7oada a \u00e1gua para aspers\u00e3o nas casas. Te convidamos a trazer de sua resid\u00eancia \u00e1gua para ser aben\u00e7oada. <\/p>\n\n\n\n<p class=\"has-large-font-size\"><strong>16\/4 &#8211; Ter\u00e7a-feira Santa<\/strong><\/p>\n\n\n\n<p class=\"has-medium-font-size\"><strong>15h e 19h &#8211; Santa Missa e Un\u00e7\u00e3o dos Enfermos<\/strong><\/p>\n\n\n\n<p class=\"has-large-font-size\"><strong>17\/4 &#8211; Quarta-feira Santa<\/strong><\/p>\n\n\n\n<p class=\"has-medium-font-size\"><strong>19h &#8211; Santa Missa e Of\u00edcio das Dores de Maria  <\/strong> <br>trazer flores para homenagear Nossa Senhora <\/p>\n\n\n\n<p class=\"has-large-font-size\"><strong>18\/4 &#8211; Quinta-feira Santa<\/strong><\/p>\n\n\n\n<p class=\"has-medium-font-size\"><strong>20h &#8211; Santa Missa de Lava-p\u00e9s<\/strong><br>logo ap\u00f3s a missa, in\u00edcio da Vig\u00edlia e Adora\u00e7\u00e3o at\u00e9 as 23h <\/p>\n\n\n\n<p class=\"has-large-font-size\"><strong>19\/4 &#8211; Sexta-feira Santa<\/strong><\/p>\n\n\n\n<p class=\"has-medium-font-size\"><strong>8h &#8211; Of\u00edcio das trevas<\/strong><\/p>\n\n\n\n<p class=\"has-medium-font-size\"><strong>10h &#8211; Via Sacra<\/strong><\/p>\n\n\n\n<p class=\"has-medium-font-size\"><strong>11h &#8211; Vig\u00edlia com Adora\u00e7\u00e3o<\/strong><\/p>\n\n\n\n<p class=\"has-medium-font-size\"><strong>15h &#8211; Celebra\u00e7\u00e3o da Paix\u00e3o do Senhor<\/strong><\/p>\n\n\n\n<p class=\"has-medium-font-size\"><strong>19h &#8211; Encena\u00e7\u00e3o da Paix\u00e3o de Cristo e prociss\u00e3o do Senhor morto<\/strong><\/p>\n\n\n\n<p class=\"has-large-font-size\"><strong>20\/4 &#8211; S\u00e1bado Santo<\/strong><\/p>\n\n\n\n<p class=\"has-medium-font-size\"><strong>20h &#8211; Vig\u00edlia Pascal<\/strong><\/p>\n\n\n\n<p class=\"has-large-font-size\"><strong>21\/4 &#8211; Domingo de P\u00e1scoa na Ressurrei\u00e7\u00e3o do Senhor<\/strong><\/p>\n\n\n\n<p class=\"has-medium-font-size\"><strong>9h &#8211; Santa Missa<\/strong><\/p>\n\n\n\n<p class=\"has-medium-font-size\"><strong>11h &#8211; Santa Missa<\/strong><\/p>\n\n\n\n<p class=\"has-medium-font-size\"><strong>19h &#8211; Santa Missa<\/strong><\/p>\n\n    <div class=\"xs_social_share_widget xs_share_url after_content \t\tmain_content  wslu-style-1 wslu-share-box-shaped wslu-fill-colored wslu-none wslu-share-horizontal wslu-theme-font-no wslu-main_content\">\n\n\t\t\n        <ul>\n\t\t\t        <\/ul>\n    <\/div> \n","protected":false},"excerpt":{"rendered":"<p>14\/4 &#8211; Domingo de Ramos 9h &#8211; Prociss\u00e3o dos Ramos Iniciaremos na Creche Catarina Labour\u00e9, na R. Cipriano Barata, 2028, e seguiremos em prociss\u00e3o para a Par\u00f3quia S\u00e3o Jos\u00e9 do&hellip; <br \/> <a class=\"read-more\" href=\"https:\/\/saojosedoipiranga.com.br\/new\/2019\/04\/03\/acompanhe-a-programacao-da-semana-santa\/\">Leia mais<\/a><\/p>\n","protected":false},"author":3,"featured_media":1285,"comment_status":"closed","ping_status":"closed","sticky":false,"template":"","format":"standard","meta":{"_vp_format_video_url":"","_vp_image_focal_point":[],"footnotes":""},"categories":[8,10],"tags":[118,119,122,270,276,309,318,328,329,357,372,377,385,386,388,396],"class_list":["post-1283","post","type-post","status-publish","format-standard","has-post-thumbnail","hentry","category-eventos","category-noticias","tag-domingo-de-pascoa","tag-domingo-de-ramos","tag-encenacao-da-paixao-de-cristo","tag-paroquia-sao-jose-do-ipiranga","tag-pascoa","tag-quinta-feira-santa","tag-ressurreicao-de-cristo","tag-sabado-de-aleluia","tag-sabado-santo","tag-sao-jose","tag-segunda-feira-santa","tag-semana-santa","tag-sexta-feira-da-paixao","tag-sexta-feira-da-paxiao-de-cristo","tag-sexta-feira-santa","tag-terca-feira-santaquarta-feira-santa"],"_links":{"self":[{"href":"https:\/\/saojosedoipiranga.com.br\/new\/wp-json\/wp\/v2\/posts\/1283","targetHints":{"allow":["GET"]}}],"collection":[{"href":"https:\/\/saojosedoipiranga.com.br\/new\/wp-json\/wp\/v2\/posts"}],"about":[{"href":"https:\/\/saojosedoipiranga.com.br\/new\/wp-json\/wp\/v2\/types\/post"}],"author":[{"embeddable":true,"href":"https:\/\/saojosedoipiranga.com.br\/new\/wp-json\/wp\/v2\/users\/3"}],"replies":[{"embeddable":true,"href":"https:\/\/saojosedoipiranga.com.br\/new\/wp-json\/wp\/v2\/comments?post=1283"}],"version-history":[{"count":0,"href":"https:\/\/saojosedoipiranga.com.br\/new\/wp-json\/wp\/v2\/posts\/1283\/revisions"}],"wp:featuredmedia":[{"embeddable":true,"href":"https:\/\/saojosedoipiranga.com.br\/new\/wp-json\/wp\/v2\/media\/1285"}],"wp:attachment":[{"href":"https:\/\/saojosedoipiranga.com.br\/new\/wp-json\/wp\/v2\/media?parent=1283"}],"wp:term":[{"taxonomy":"category","embeddable":true,"href":"https:\/\/saojosedoipiranga.com.br\/new\/wp-json\/wp\/v2\/categories?post=1283"},{"taxonomy":"post_tag","embeddable":true,"href":"https:\/\/saojosedoipiranga.com.br\/new\/wp-json\/wp\/v2\/tags?post=1283"}],"curies":[{"name":"wp","href":"https:\/\/api.w.org\/{rel}","templated":true}]}}