{"id":1272,"date":"2019-04-01T12:15:16","date_gmt":"2019-04-01T15:15:16","guid":{"rendered":"http:\/\/saojosedoipiranga.com.br\/site\/?p=1272"},"modified":"2019-04-01T12:15:16","modified_gmt":"2019-04-01T15:15:16","slug":"irmas-da-congregacao-de-santa-marcelina","status":"publish","type":"post","link":"https:\/\/saojosedoipiranga.com.br\/new\/2019\/04\/01\/irmas-da-congregacao-de-santa-marcelina\/","title":{"rendered":"Irm\u00e3s da Congrega\u00e7\u00e3o de Santa Marcelina"},"content":{"rendered":"\n<p>Neste domingo, 31 de mar\u00e7o, recebemos a visita das Irm\u00e3s da Congrega\u00e7\u00e3o de Santa Marcelina.<\/p>\n\n\n\n<p>As Igrejas de S\u00e3o Paulo, que tem como patrono nosso querido S\u00e3o Jos\u00e9, receberam nos domingos do m\u00eas de mar\u00e7o, a partir de um prop\u00f3sito de ora\u00e7\u00e3o, a visita das Irm\u00e3s e a nossa Par\u00f3quia foi a \u00faltima a recebe-las.<\/p>\n\n\n\n<p>Participaram conosco da missa das 16h30 e n\u00e3o poderia faltar uma foto para registrar esse momento.<\/p>\n\n\n\n<figure class=\"wp-block-image\"><img fetchpriority=\"high\" decoding=\"async\" width=\"768\" height=\"1024\" src=\"http:\/\/saojosedoipiranga.com.br\/site\/wp-content\/uploads\/2019\/04\/irmas-de-santa-marcelina-itaquera-768x1024.jpeg\" alt=\"\" class=\"wp-image-1273\" srcset=\"https:\/\/saojosedoipiranga.com.br\/new\/wp-content\/uploads\/2019\/04\/irmas-de-santa-marcelina-itaquera-768x1024.jpeg 768w, https:\/\/saojosedoipiranga.com.br\/new\/wp-content\/uploads\/2019\/04\/irmas-de-santa-marcelina-itaquera-225x300.jpeg 225w, https:\/\/saojosedoipiranga.com.br\/new\/wp-content\/uploads\/2019\/04\/irmas-de-santa-marcelina-itaquera.jpeg 876w\" sizes=\"(max-width: 768px) 100vw, 768px\" \/><\/figure>\n\n\n\n<h3 class=\"wp-block-heading\">QUE TAL SABER UM POUQUINHO SOBRE A CONGREGA\u00c7\u00c3O DAS IRM\u00c3S DE SANTA MARCELINA?<\/h3>\n\n\n\n<h4 class=\"wp-block-heading\">MINISTRAR UMA EDUCA\u00c7\u00c3O MODERNA \u00c0 JUVENTUDE.<\/h4>\n\n\n\n<p>Monsenhor Luigi Biraghi, aos 37 anos, preocupado com a educa\u00e7\u00e3o feminina das classes sociais mais ricas da sociedade de Mil\u00e3o, decidiu fundar um Instituto que unisse o m\u00e9todo, a ci\u00eancia desejada pelos tempos, as leis escolares, o esp\u00edrito crist\u00e3o e as pr\u00e1ticas evang\u00e9licas para cuidar da educa\u00e7\u00e3o das jovens.<\/p>\n\n\n\n<p>Com o aux\u00edlio de Marina Videmari, fundou o Instituto Internacional das Irm\u00e3s de Santa Marcelina, em 22 de setembro de 1838. Como protetora do Instituto, Biraghi escolheu Santa Marcelina que educou santamente os irm\u00e3os menores, Santo Ambr\u00f3sio e S\u00e3o S\u00e1tiro.<\/p>\n\n\n\n<p>Desde a sua cria\u00e7\u00e3o, o Instituto tinha como objetivo ministrar uma educa\u00e7\u00e3o moderna \u00e0 juventude feminina e, por meio dela, transformar a conturbada sociedade da \u00e9poca.<\/p>\n\n\n\n<p>A partir de ent\u00e3o, a Congrega\u00e7\u00e3o passou a crescer e se difundir \u2013 primeiramente na It\u00e1lia, e depois para diversos pa\u00edses, inclusive o Brasil, que teve seu primeiro col\u00e9gio fundado em Botucatu (SP), em 1912. Com a dire\u00e7\u00e3o de Madre Valentini, as Irm\u00e3s Marcelinas abriram col\u00e9gios nas principais cidades brasileiras. Mas, diante de graves desequil\u00edbrios socioecon\u00f4micos, tamb\u00e9m passaram a se dedicar \u00e0s obras sociais e hospitalares.<\/p>\n\n\n\n<h4 class=\"wp-block-heading\">NOSSA MISS\u00c3O AL\u00c9M DE QUALQUER FRONTEIRA.<\/h4>\n\n\n\n<p>A internacionalidade do Instituto j\u00e1 demonstra a amplitude de sua miss\u00e3o: 8 pa\u00edses, espalhados por 3 continentes. No Brasil, s\u00e3o 16 munic\u00edpios em 9 estados. Os tempos mudam exigindo atualiza\u00e7\u00f5es. Mas o esp\u00edrito dos nossos fundadores continua inspirando cada Irm\u00e3 Marcelina a levar adiante, com empenho e entusiasmo, a nossa miss\u00e3o: educar, formar, curar e construir. <\/p>\n\n\n\n<p>Conhe\u00e7a mais:  <br><a href=\"https:\/\/www.santamarcelina.org.br\/\">https:\/\/www.santamarcelina.org.br\/<\/a> <\/p>\n\n    <div class=\"xs_social_share_widget xs_share_url after_content \t\tmain_content  wslu-style-1 wslu-share-box-shaped wslu-fill-colored wslu-none wslu-share-horizontal wslu-theme-font-no wslu-main_content\">\n\n\t\t\n        <ul>\n\t\t\t        <\/ul>\n    <\/div> \n","protected":false},"excerpt":{"rendered":"<p>Neste domingo, 31 de mar\u00e7o, recebemos a visita das Irm\u00e3s da Congrega\u00e7\u00e3o de Santa Marcelina. As Igrejas de S\u00e3o Paulo, que tem como patrono nosso querido S\u00e3o Jos\u00e9, receberam nos&hellip; <br \/> <a class=\"read-more\" href=\"https:\/\/saojosedoipiranga.com.br\/new\/2019\/04\/01\/irmas-da-congregacao-de-santa-marcelina\/\">Leia mais<\/a><\/p>\n","protected":false},"author":3,"featured_media":1273,"comment_status":"closed","ping_status":"closed","sticky":false,"template":"","format":"standard","meta":{"_vp_format_video_url":"","_vp_image_focal_point":[],"footnotes":""},"categories":[10],"tags":[79,80,228,230,268,285,337,367],"class_list":["post-1272","post","type-post","status-publish","format-standard","has-post-thumbnail","hentry","category-noticias","tag-congregacao","tag-congregacao-dos-religiosos-de-nossa-senhora-de-sion","tag-nossa-senhora-de-sion","tag-notre-dame-de-sion","tag-paroquia-sao-jose","tag-patrono-da-igreja","tag-santa-marcelina","tag-saojose"],"_links":{"self":[{"href":"https:\/\/saojosedoipiranga.com.br\/new\/wp-json\/wp\/v2\/posts\/1272","targetHints":{"allow":["GET"]}}],"collection":[{"href":"https:\/\/saojosedoipiranga.com.br\/new\/wp-json\/wp\/v2\/posts"}],"about":[{"href":"https:\/\/saojosedoipiranga.com.br\/new\/wp-json\/wp\/v2\/types\/post"}],"author":[{"embeddable":true,"href":"https:\/\/saojosedoipiranga.com.br\/new\/wp-json\/wp\/v2\/users\/3"}],"replies":[{"embeddable":true,"href":"https:\/\/saojosedoipiranga.com.br\/new\/wp-json\/wp\/v2\/comments?post=1272"}],"version-history":[{"count":0,"href":"https:\/\/saojosedoipiranga.com.br\/new\/wp-json\/wp\/v2\/posts\/1272\/revisions"}],"wp:featuredmedia":[{"embeddable":true,"href":"https:\/\/saojosedoipiranga.com.br\/new\/wp-json\/wp\/v2\/media\/1273"}],"wp:attachment":[{"href":"https:\/\/saojosedoipiranga.com.br\/new\/wp-json\/wp\/v2\/media?parent=1272"}],"wp:term":[{"taxonomy":"category","embeddable":true,"href":"https:\/\/saojosedoipiranga.com.br\/new\/wp-json\/wp\/v2\/categories?post=1272"},{"taxonomy":"post_tag","embeddable":true,"href":"https:\/\/saojosedoipiranga.com.br\/new\/wp-json\/wp\/v2\/tags?post=1272"}],"curies":[{"name":"wp","href":"https:\/\/api.w.org\/{rel}","templated":true}]}}